{"id":1395,"date":"2017-12-18T17:05:30","date_gmt":"2017-12-18T17:05:30","guid":{"rendered":"https:\/\/blog.bellmon.com\/?p=1395"},"modified":"2018-01-23T17:53:10","modified_gmt":"2018-01-23T15:53:10","slug":"die-3-schoensten-wanderungen-im-suedwesten-mallorcas","status":"publish","type":"post","link":"https:\/\/blog.bellmon.com\/de\/die-3-schoensten-wanderungen-im-suedwesten-mallorcas\/","title":{"rendered":"Die 3 sch\u00f6nsten Wanderungen im S\u00fcdwesten Mallorcas"},"content":{"rendered":"<p style=\"text-align: center;\">Wenn jemand eine <strong>Ferienwohnung zum Mieten auf Mallorca<\/strong> sucht, dann weiss er bereits, dass er ein paar Tage auf einer der sch\u00f6nsten Mittelmeerinseln verbringen wird. Die Farbpalette des Meeres aus T\u00fcrkis, Blau und Gr\u00fcn, die beeindruckende Gebirgskette der Serra de Tramuntana, die kleinen, \u00fcber die ganze Insel verstreuten D\u00f6rfer , und der ideale Lebensstil, sind Teil der Genetik Mallorcas.<\/p>\n<p style=\"text-align: center;\">Bei <a href=\"http:\/\/www.bellmon.com\">Bellmon Real Estate Agency<\/a> finden Sie <strong>Ferienvillen im Norden und Zentrum Mallorcas,<\/strong> doch heute gehen wir ans andere Inselende und widmen uns dem s\u00fcdwestlichen Bereich mit n\u00fctzlichen Informationen: wir <strong>zeigen die 3 besten Wanderungen im S\u00fcdwesten Mallorcas auf.<\/strong><\/p>\n<h3 style=\"text-align: center;\">Wandern auf Mallorca: vom Port d\u2019Andratx bis\u00a0Cala Egos<\/h3>\n<p style=\"text-align: center;\">Unsere erste <strong>Wanderung findet im Raum Andratx statt.<\/strong> Es handelt sich um eine der sch\u00f6nsten Wanderungen Mallorcas, die uns zur <strong>Cala Egos<\/strong> f\u00fchrt \u2013 eine wundersch\u00f6ne, naturbelassene <strong>Bucht aus Felsen<\/strong> und Steinen inmitten der Serra de Tramuntana. Ihren Anfang nimmt dieser idyllische <strong>Wanderweg im Port de Andratx.<\/strong> Wir empfehlen Wanderschuhe, da der Weg durch allerlei Landschaften f\u00fchrt. Wir umranden den Hafen auf der Avendia Gabriel Roca Garc\u00edas und biegen in die Calle Aldea Blanca ab, wo wir nach kurzem auf die Calle Cala Egos treffen. Hier f\u00e4ngt die eigentliche Wanderung an. Der erste Teil ist ein auf- und abf\u00fchrender Waldweg, mit kurvigem Verlauf, von dem wir nicht abweichen, denn er f\u00fchrt uns direkt bis zur Cala Egos. Die <strong>Wanderdauer betr\u00e4gt ungef\u00e4hr eine Stunde,<\/strong> und wird mit spektakul\u00e4rer Natur belohnt: eine naturbelassene Bucht inmitten der Serra de Tramuntana.<\/p>\n<figure id=\"attachment_1378\" aria-describedby=\"caption-attachment-1378\" style=\"width: 850px\" class=\"wp-caption aligncenter\"><img loading=\"lazy\" decoding=\"async\" class=\"alignnone wp-image-1378\" src=\"https:\/\/blogbellmon.files.wordpress.com\/2016\/11\/cala-egos-hike-mallorca-bellmon.jpg\" alt=\"cala-egos-hike-mallorca-bellmon\" width=\"850\" height=\"510\" \/><figcaption id=\"caption-attachment-1378\" class=\"wp-caption-text\">Foto: mestelrich2.blogspot.com<\/figcaption><\/figure>\n<h3 style=\"text-align: center;\">Wandern auf Mallorca: Von Sant Elm zur Dragonera<\/h3>\n<p style=\"text-align: center;\">Zu dieser Wanderung geh\u00f6rt eine unserer <strong>Lieblingsaktivit\u00e4ten: Boot fahren!<\/strong> Wie Sie sicher wissen, ist die <strong>Dragonera eine kleine, unbewohnte Insel,<\/strong> die auch als die sechste Baleareninsel bekannt ist. Dort kommt man nur auf dem Wasserweg hin, weshalb wir in Sant Elm auf eine F\u00e4hre gehen. Die Wanderung, die wir Ihnen empfehlen m\u00f6chten, <strong>\u00fcberquert die Dragonera Insel,<\/strong> die eine L\u00e4nge von 4 km hat. Unser Wanderweg geht dabei \u00fcber 7 km.<\/p>\n<p style=\"text-align: center;\">Wir fangen am Informationszentrum des Naturparks an und machen unseren ersten Stop am Leuchtturm <strong><em>Faro de Llebeig<\/em><\/strong>. Der im Jahr 1580 gebaute Turm ist 14 m hoch. Nach dem Besuch des Leuchtturms laufen wir wieder in Richtung Informationszentrum zur\u00fcck, biegen aber auf dem mit Schild angezeigten Weg in Richtung <em>Far Vell<\/em> ab, der uns \u00fcber die Anh\u00f6he <em>Coll Roig<\/em> f\u00fchrt.Der Ausblick auf die Insel Dragonera ist von dort atemberaubend, also ist ein weiterer Halt empfohlen. Nach dem Far Vell (alter Leuchtturm) geht die Wanderung zu unserem letzten Stop weiter, dem Leuchtturm <em>Far de Tramuntana<\/em>. Von dort k\u00f6nnen wir einen <strong>tollen Ausblick<\/strong> auf <em>Es Freu<\/em>, <em>La Trapa<\/em> und <em>Punta Fabioler<\/em> geniessen. Nun geht es wieder zum Informationszentrum <em>Es Llad\u00f3<\/em> zur\u00fcck und unsere Wanderung durch eines der letzten naturbelassenen Gebiete Mallorcas nimmt ihr Ende.<\/p>\n<figure id=\"attachment_1380\" aria-describedby=\"caption-attachment-1380\" style=\"width: 879px\" class=\"wp-caption aligncenter\"><img loading=\"lazy\" decoding=\"async\" class=\"alignnone wp-image-1380\" src=\"https:\/\/blogbellmon.files.wordpress.com\/2016\/11\/sa-dragonera-hike-mallorca-bellmon.jpg\" alt=\"sa-dragonera-hike-mallorca-bellmon\" width=\"879\" height=\"528\" \/><figcaption id=\"caption-attachment-1380\" class=\"wp-caption-text\">Foto: nadadores.com<\/figcaption><\/figure>\n<h3 style=\"text-align: center;\">Wandern auf Mallorca: von Sant Elm zu La Trapa<\/h3>\n<p style=\"text-align: center;\">Die letzte von uns hier empfohlene Wanderung geht von Sant Elm bis La Trapa. Es ist eine Kreiswanderung in einem <strong>wundersch\u00f6nen K\u00fcstengebiet.<\/strong> Die Dauer betr\u00e4gt zirka zweieinhalb Stunden, wobei die Wanderung zu jeder Jahreszeit gemacht werden kann. Wir beginnen in Sant Elm auf der <em>Pla\u00e7a de Moss\u00e8n Sebasti\u00e0 Grau<\/em>, wo die <em>Avenida de la Trapa<\/em> in den <em>Cam\u00ed de Can Tomev\u00ed<\/em> \u00fcbergeht. Nach ungef\u00e4hr zehn Minuten stossen wir auf eine Gabelung, an der wir uns links halten. Nachdem wir die Anh\u00f6he <em>Coll de Ses \u00c1nimes<\/em> \u00fcberquert haben, geht es bergabw\u00e4rts bis <strong>zum alten Kloster.<\/strong> Hier f\u00e4ngt der l\u00e4ngste Teil der Wanderung an. Wir laufen w\u00e4hrend eineinhalb Stunden in Richtung La Trapa, halten aber an einem 250 m hoch gelegenen <strong>Aussichtspunkt,<\/strong> von wo wir <em>Sa Dragonera<\/em> und die Bucht <em>Cala en Basset<\/em> sehen k\u00f6nnen. Danach stossen wir beim weiteren Verlauf auf zwei Kurven bzw. Gabelungen, die uns <strong>wieder nach Sant Elm zur\u00fcck bringen.<\/strong><\/p>\n<figure id=\"attachment_1382\" aria-describedby=\"caption-attachment-1382\" style=\"width: 783px\" class=\"wp-caption aligncenter\"><img loading=\"lazy\" decoding=\"async\" class=\"alignnone wp-image-1382\" src=\"https:\/\/blogbellmon.files.wordpress.com\/2016\/11\/la-trapa-hike-mallorca-bellmon.jpg\" alt=\"la-trapa-hike-mallorca-bellmon\" width=\"783\" height=\"470\" \/><figcaption id=\"caption-attachment-1382\" class=\"wp-caption-text\">Foto: inlovewithmallorca.com<\/figcaption><\/figure>\n<p style=\"text-align: center;\">Auch wenn sich, wie gesagt, unsere <strong>Immobilien im Zentrum und Norden der Insel konzentrieren<\/strong>, ist doch eines der sch\u00f6nsten Dinge Mallorcas die Schnelligkeit mit der wir die Landschaft, die Gegend oder die Umwelt wechseln k\u00f6nnen. Wir empfehlen Ihnen einen <strong>Wagen zu mieten<\/strong> wenn Sie bei Bellmon Real Estate Agency ein Feriendomiziel mieten, denn so ist es Ihnen ganz einfach m\u00f6glich den S\u00fcdwesten Mallorcas zu entdecken.<\/p>\n<p style=\"text-align: center;\">Ausserdem ist es uns <strong>immer ein Vergn\u00fcgen,<\/strong> die besten Aktivit\u00e4ten, Wanderungen und Geheimnisse der Insel mit Ihnen zu teilen wenn Sie nach Mallorca kommen!<\/p>\n<p style=\"text-align: center;\">Erleben und geniessen Sie <strong>Mallorca und die Inselnatur!<\/strong><\/p>\n","protected":false},"excerpt":{"rendered":"<p>Wenn jemand eine Ferienwohnung zum Mieten auf Mallorca sucht, dann weiss er bereits, dass er ein paar Tage auf einer&#8230;<\/p>\n","protected":false},"author":2,"featured_media":1416,"comment_status":"open","ping_status":"open","sticky":false,"template":"","format":"standard","meta":{"footnotes":""},"categories":[2],"tags":[],"class_list":["post-1395","post","type-post","status-publish","format-standard","has-post-thumbnail","hentry","category-mallorca-urlaub"],"yoast_head":"<!-- This site is optimized with the Yoast SEO plugin v26.2 - https:\/\/yoast.com\/wordpress\/plugins\/seo\/ -->\n<title>Die 3 sch\u00f6nsten Wanderungen im S\u00fcdwesten Mallorcas<\/title>\n<meta name=\"description\" content=\"Wenn jemand eine Ferienwohnung zum Mieten auf Mallorca sucht, dann weiss er bereits, dass er ein paar Tage auf einer der sch\u00f6nsten Mittelmeerinseln\" \/>\n<meta name=\"robots\" content=\"index, follow, max-snippet:-1, max-image-preview:large, max-video-preview:-1\" \/>\n<link rel=\"canonical\" href=\"https:\/\/blog.bellmon.com\/de\/die-3-schoensten-wanderungen-im-suedwesten-mallorcas\/\" \/>\n<meta property=\"og:locale\" content=\"de_DE\" \/>\n<meta property=\"og:type\" content=\"article\" \/>\n<meta property=\"og:title\" content=\"Die 3 sch\u00f6nsten Wanderungen im S\u00fcdwesten Mallorcas\" \/>\n<meta property=\"og:description\" content=\"Wenn jemand eine Ferienwohnung zum Mieten auf Mallorca sucht, dann weiss er bereits, dass er ein paar Tage auf einer der sch\u00f6nsten Mittelmeerinseln\" \/>\n<meta property=\"og:url\" content=\"https:\/\/blog.bellmon.com\/de\/die-3-schoensten-wanderungen-im-suedwesten-mallorcas\/\" \/>\n<meta property=\"og:site_name\" content=\"Majorca Holidays | Bellmon\" \/>\n<meta property=\"article:published_time\" content=\"2017-12-18T17:05:30+00:00\" \/>\n<meta property=\"article:modified_time\" content=\"2018-01-23T15:53:10+00:00\" \/>\n<meta property=\"og:image\" content=\"https:\/\/blog.bellmon.com\/wp-content\/uploads\/cala-egos-hike-mallorca-bellmon.jpg\" \/>\n\t<meta property=\"og:image:width\" content=\"1024\" \/>\n\t<meta property=\"og:image:height\" content=\"614\" \/>\n\t<meta property=\"og:image:type\" content=\"image\/jpeg\" \/>\n<meta name=\"author\" content=\"Tony Amer Llompart\" \/>\n<meta name=\"twitter:card\" content=\"summary_large_image\" \/>\n<meta name=\"twitter:label1\" content=\"Verfasst von\" \/>\n\t<meta name=\"twitter:data1\" content=\"Tony Amer Llompart\" \/>\n\t<meta name=\"twitter:label2\" content=\"Gesch\u00e4tzte Lesezeit\" \/>\n\t<meta name=\"twitter:data2\" content=\"4\u00a0Minuten\" \/>\n<script type=\"application\/ld+json\" class=\"yoast-schema-graph\">{\"@context\":\"https:\/\/schema.org\",\"@graph\":[{\"@type\":\"WebPage\",\"@id\":\"https:\/\/blog.bellmon.com\/de\/die-3-schoensten-wanderungen-im-suedwesten-mallorcas\/\",\"url\":\"https:\/\/blog.bellmon.com\/de\/die-3-schoensten-wanderungen-im-suedwesten-mallorcas\/\",\"name\":\"Die 3 sch\u00f6nsten Wanderungen im S\u00fcdwesten Mallorcas\",\"isPartOf\":{\"@id\":\"https:\/\/blog.bellmon.com\/#website\"},\"primaryImageOfPage\":{\"@id\":\"https:\/\/blog.bellmon.com\/de\/die-3-schoensten-wanderungen-im-suedwesten-mallorcas\/#primaryimage\"},\"image\":{\"@id\":\"https:\/\/blog.bellmon.com\/de\/die-3-schoensten-wanderungen-im-suedwesten-mallorcas\/#primaryimage\"},\"thumbnailUrl\":\"https:\/\/blog.bellmon.com\/wp-content\/uploads\/cala-egos-hike-mallorca-bellmon.jpg\",\"datePublished\":\"2017-12-18T17:05:30+00:00\",\"dateModified\":\"2018-01-23T15:53:10+00:00\",\"author\":{\"@id\":\"https:\/\/blog.bellmon.com\/#\/schema\/person\/5b006ee0c0fc250a8e742c9f6405b13e\"},\"description\":\"Wenn jemand eine Ferienwohnung zum Mieten auf Mallorca sucht, dann weiss er bereits, dass er ein paar Tage auf einer der sch\u00f6nsten Mittelmeerinseln\",\"breadcrumb\":{\"@id\":\"https:\/\/blog.bellmon.com\/de\/die-3-schoensten-wanderungen-im-suedwesten-mallorcas\/#breadcrumb\"},\"inLanguage\":\"de\",\"potentialAction\":[{\"@type\":\"ReadAction\",\"target\":[\"https:\/\/blog.bellmon.com\/de\/die-3-schoensten-wanderungen-im-suedwesten-mallorcas\/\"]}]},{\"@type\":\"ImageObject\",\"inLanguage\":\"de\",\"@id\":\"https:\/\/blog.bellmon.com\/de\/die-3-schoensten-wanderungen-im-suedwesten-mallorcas\/#primaryimage\",\"url\":\"https:\/\/blog.bellmon.com\/wp-content\/uploads\/cala-egos-hike-mallorca-bellmon.jpg\",\"contentUrl\":\"https:\/\/blog.bellmon.com\/wp-content\/uploads\/cala-egos-hike-mallorca-bellmon.jpg\",\"width\":1024,\"height\":614},{\"@type\":\"BreadcrumbList\",\"@id\":\"https:\/\/blog.bellmon.com\/de\/die-3-schoensten-wanderungen-im-suedwesten-mallorcas\/#breadcrumb\",\"itemListElement\":[{\"@type\":\"ListItem\",\"position\":1,\"name\":\"Portada\",\"item\":\"https:\/\/blog.bellmon.com\/\"},{\"@type\":\"ListItem\",\"position\":2,\"name\":\"Die 3 sch\u00f6nsten Wanderungen im S\u00fcdwesten Mallorcas\"}]},{\"@type\":\"WebSite\",\"@id\":\"https:\/\/blog.bellmon.com\/#website\",\"url\":\"https:\/\/blog.bellmon.com\/\",\"name\":\"Majorca Holidays | Bellmon\",\"description\":\"Discover Majorca through our articles writed by local people and our holiday experts :-D\",\"potentialAction\":[{\"@type\":\"SearchAction\",\"target\":{\"@type\":\"EntryPoint\",\"urlTemplate\":\"https:\/\/blog.bellmon.com\/?s={search_term_string}\"},\"query-input\":{\"@type\":\"PropertyValueSpecification\",\"valueRequired\":true,\"valueName\":\"search_term_string\"}}],\"inLanguage\":\"de\"},{\"@type\":\"Person\",\"@id\":\"https:\/\/blog.bellmon.com\/#\/schema\/person\/5b006ee0c0fc250a8e742c9f6405b13e\",\"name\":\"Tony Amer Llompart\"}]}<\/script>\n<!-- \/ Yoast SEO plugin. -->","yoast_head_json":{"title":"Die 3 sch\u00f6nsten Wanderungen im S\u00fcdwesten Mallorcas","description":"Wenn jemand eine Ferienwohnung zum Mieten auf Mallorca sucht, dann weiss er bereits, dass er ein paar Tage auf einer der sch\u00f6nsten Mittelmeerinseln","robots":{"index":"index","follow":"follow","max-snippet":"max-snippet:-1","max-image-preview":"max-image-preview:large","max-video-preview":"max-video-preview:-1"},"canonical":"https:\/\/blog.bellmon.com\/de\/die-3-schoensten-wanderungen-im-suedwesten-mallorcas\/","og_locale":"de_DE","og_type":"article","og_title":"Die 3 sch\u00f6nsten Wanderungen im S\u00fcdwesten Mallorcas","og_description":"Wenn jemand eine Ferienwohnung zum Mieten auf Mallorca sucht, dann weiss er bereits, dass er ein paar Tage auf einer der sch\u00f6nsten Mittelmeerinseln","og_url":"https:\/\/blog.bellmon.com\/de\/die-3-schoensten-wanderungen-im-suedwesten-mallorcas\/","og_site_name":"Majorca Holidays | Bellmon","article_published_time":"2017-12-18T17:05:30+00:00","article_modified_time":"2018-01-23T15:53:10+00:00","og_image":[{"width":1024,"height":614,"url":"https:\/\/blog.bellmon.com\/wp-content\/uploads\/cala-egos-hike-mallorca-bellmon.jpg","type":"image\/jpeg"}],"author":"Tony Amer Llompart","twitter_card":"summary_large_image","twitter_misc":{"Verfasst von":"Tony Amer Llompart","Gesch\u00e4tzte Lesezeit":"4\u00a0Minuten"},"schema":{"@context":"https:\/\/schema.org","@graph":[{"@type":"WebPage","@id":"https:\/\/blog.bellmon.com\/de\/die-3-schoensten-wanderungen-im-suedwesten-mallorcas\/","url":"https:\/\/blog.bellmon.com\/de\/die-3-schoensten-wanderungen-im-suedwesten-mallorcas\/","name":"Die 3 sch\u00f6nsten Wanderungen im S\u00fcdwesten Mallorcas","isPartOf":{"@id":"https:\/\/blog.bellmon.com\/#website"},"primaryImageOfPage":{"@id":"https:\/\/blog.bellmon.com\/de\/die-3-schoensten-wanderungen-im-suedwesten-mallorcas\/#primaryimage"},"image":{"@id":"https:\/\/blog.bellmon.com\/de\/die-3-schoensten-wanderungen-im-suedwesten-mallorcas\/#primaryimage"},"thumbnailUrl":"https:\/\/blog.bellmon.com\/wp-content\/uploads\/cala-egos-hike-mallorca-bellmon.jpg","datePublished":"2017-12-18T17:05:30+00:00","dateModified":"2018-01-23T15:53:10+00:00","author":{"@id":"https:\/\/blog.bellmon.com\/#\/schema\/person\/5b006ee0c0fc250a8e742c9f6405b13e"},"description":"Wenn jemand eine Ferienwohnung zum Mieten auf Mallorca sucht, dann weiss er bereits, dass er ein paar Tage auf einer der sch\u00f6nsten Mittelmeerinseln","breadcrumb":{"@id":"https:\/\/blog.bellmon.com\/de\/die-3-schoensten-wanderungen-im-suedwesten-mallorcas\/#breadcrumb"},"inLanguage":"de","potentialAction":[{"@type":"ReadAction","target":["https:\/\/blog.bellmon.com\/de\/die-3-schoensten-wanderungen-im-suedwesten-mallorcas\/"]}]},{"@type":"ImageObject","inLanguage":"de","@id":"https:\/\/blog.bellmon.com\/de\/die-3-schoensten-wanderungen-im-suedwesten-mallorcas\/#primaryimage","url":"https:\/\/blog.bellmon.com\/wp-content\/uploads\/cala-egos-hike-mallorca-bellmon.jpg","contentUrl":"https:\/\/blog.bellmon.com\/wp-content\/uploads\/cala-egos-hike-mallorca-bellmon.jpg","width":1024,"height":614},{"@type":"BreadcrumbList","@id":"https:\/\/blog.bellmon.com\/de\/die-3-schoensten-wanderungen-im-suedwesten-mallorcas\/#breadcrumb","itemListElement":[{"@type":"ListItem","position":1,"name":"Portada","item":"https:\/\/blog.bellmon.com\/"},{"@type":"ListItem","position":2,"name":"Die 3 sch\u00f6nsten Wanderungen im S\u00fcdwesten Mallorcas"}]},{"@type":"WebSite","@id":"https:\/\/blog.bellmon.com\/#website","url":"https:\/\/blog.bellmon.com\/","name":"Majorca Holidays | Bellmon","description":"Discover Majorca through our articles writed by local people and our holiday experts :-D","potentialAction":[{"@type":"SearchAction","target":{"@type":"EntryPoint","urlTemplate":"https:\/\/blog.bellmon.com\/?s={search_term_string}"},"query-input":{"@type":"PropertyValueSpecification","valueRequired":true,"valueName":"search_term_string"}}],"inLanguage":"de"},{"@type":"Person","@id":"https:\/\/blog.bellmon.com\/#\/schema\/person\/5b006ee0c0fc250a8e742c9f6405b13e","name":"Tony Amer Llompart"}]}},"_links":{"self":[{"href":"https:\/\/blog.bellmon.com\/de\/wp-json\/wp\/v2\/posts\/1395","targetHints":{"allow":["GET"]}}],"collection":[{"href":"https:\/\/blog.bellmon.com\/de\/wp-json\/wp\/v2\/posts"}],"about":[{"href":"https:\/\/blog.bellmon.com\/de\/wp-json\/wp\/v2\/types\/post"}],"author":[{"embeddable":true,"href":"https:\/\/blog.bellmon.com\/de\/wp-json\/wp\/v2\/users\/2"}],"replies":[{"embeddable":true,"href":"https:\/\/blog.bellmon.com\/de\/wp-json\/wp\/v2\/comments?post=1395"}],"version-history":[{"count":2,"href":"https:\/\/blog.bellmon.com\/de\/wp-json\/wp\/v2\/posts\/1395\/revisions"}],"predecessor-version":[{"id":1399,"href":"https:\/\/blog.bellmon.com\/de\/wp-json\/wp\/v2\/posts\/1395\/revisions\/1399"}],"wp:featuredmedia":[{"embeddable":true,"href":"https:\/\/blog.bellmon.com\/de\/wp-json\/wp\/v2\/media\/1416"}],"wp:attachment":[{"href":"https:\/\/blog.bellmon.com\/de\/wp-json\/wp\/v2\/media?parent=1395"}],"wp:term":[{"taxonomy":"category","embeddable":true,"href":"https:\/\/blog.bellmon.com\/de\/wp-json\/wp\/v2\/categories?post=1395"},{"taxonomy":"post_tag","embeddable":true,"href":"https:\/\/blog.bellmon.com\/de\/wp-json\/wp\/v2\/tags?post=1395"}],"curies":[{"name":"wp","href":"https:\/\/api.w.org\/{rel}","templated":true}]}}