{"id":1463,"date":"2018-04-03T11:17:34","date_gmt":"2018-04-03T10:17:34","guid":{"rendered":"https:\/\/blog.bellmon.com\/?p=1463"},"modified":"2018-04-03T11:17:34","modified_gmt":"2018-04-03T10:17:34","slug":"mallorca-die-schoensten-orte-fuer-ihren-urlaub-auf-der-sonneninsel","status":"publish","type":"post","link":"https:\/\/blog.bellmon.com\/de\/mallorca-die-schoensten-orte-fuer-ihren-urlaub-auf-der-sonneninsel\/","title":{"rendered":"Mallorca \u2013 die sch\u00f6nsten Orte f\u00fcr Ihren Urlaub auf der Sonneninsel"},"content":{"rendered":"<p><b>Mallorca<\/b><span style=\"font-weight: 400;\"> ist eine der begehrtesten Ferienregionen Europas. Tats\u00e4chlich hat die kleine Baleareninsel ihren Besuchern einiges zu bieten: lange Str\u00e4nde mit glitzerndem wei\u00dfem Sand, zum Teil vor der Kulisse m\u00e4chtiger Berge, romantische D\u00f6rfchen und authentische St\u00e4dte. Nicht zu vergessen, die \u00fcppige Landschaft im Inneren der Insel. <\/span><\/p>\n<p><span style=\"font-weight: 400;\">Alle Teile der Insel haben ihren ganz eigenen Charme und alle sind einen Besuch wert. In unserem Blogpost machen wir als Entscheidungshilfe zur Auswahl Ihres perfekten Urlaubsorts eine kleine Rundreise um die Insel. <\/span><\/p>\n<h2><b>Der Norden Mallorcas \u2013 entspannt leben zwischen Bergen und Meer<\/b><\/h2>\n<p><img loading=\"lazy\" decoding=\"async\" class=\"aligncenter size-full wp-image-1446\" src=\"https:\/\/blog.bellmon.com\/wp-content\/uploads\/Cap-Formentor-Northern-Mallorca.jpg\" alt=\"holidays-mallorca\" width=\"800\" height=\"535\" srcset=\"https:\/\/blog.bellmon.com\/wp-content\/uploads\/Cap-Formentor-Northern-Mallorca.jpg 800w, https:\/\/blog.bellmon.com\/wp-content\/uploads\/Cap-Formentor-Northern-Mallorca-360x240.jpg 360w, https:\/\/blog.bellmon.com\/wp-content\/uploads\/Cap-Formentor-Northern-Mallorca-768x514.jpg 768w\" sizes=\"auto, (max-width: 800px) 100vw, 800px\" \/><\/p>\n<p><span style=\"font-weight: 400;\">Der Norden Mallorcas ist eine charmante Komposition aus beliebten Strandresorts wie <\/span><b>Pollensa<\/b><span style=\"font-weight: 400;\"> und <\/span><b>Alucu<\/b><\/p>\n<p><b>dia<\/b><span style=\"font-weight: 400;\"> und der unverf\u00e4lschten Sch\u00f6nheit des <\/span><i><span style=\"font-weight: 400;\">Serra de Tramuntana<\/span><\/i><span style=\"font-weight: 400;\"> Gebirges mit seiner h\u00f6chsten Erhebung, dem <\/span><i><span style=\"font-weight: 400;\">Puig Major<\/span><\/i><span style=\"font-weight: 400;\"> (1445 m).<\/span><\/p>\n<p><span style=\"font-weight: 400;\">Der n\u00f6rdlichste Punkt Mallorcas ist <\/span><i><span style=\"font-weight: 400;\">Cap Formentor, <\/span><\/i><span style=\"font-weight: 400;\">das auf der gleichnamigen Halbinsel liegt. Die Fahrt \u00fcber die wildromantische Halbinsel erlaubt spektakul\u00e4re Ausblicke auf Berge und K\u00fcste und ist ein Highlight jedes Mallorca-Urlaubs. Hier liegen auch zwei der malerischsten Buchten Mallorcas: <\/span><i><span style=\"font-weight: 400;\">Cala Pi<\/span><\/i><span style=\"font-weight: 400;\"> und <\/span><i><span style=\"font-weight: 400;\">Cala Figuera<\/span><\/i><span style=\"font-weight: 400;\">.<\/span><\/p>\n<h3><b>Alc\u00fadia \u2013 ein authentisches mallorquinisches St\u00e4dtchen<\/b><\/h3>\n<p><img loading=\"lazy\" decoding=\"async\" class=\"aligncenter size-full wp-image-1447\" src=\"https:\/\/blog.bellmon.com\/wp-content\/uploads\/castell-alcudia.jpg\" alt=\"alcudia-city-walls\" width=\"640\" height=\"491\" \/><\/p>\n<p><b>Alc\u00fadia<\/b><span style=\"font-weight: 400;\"> ist bekannt f\u00fcr sein mittelalterliches Stadtzentrum mit engen G\u00e4sschen und perfekt restaurierten r\u00f6mischen H\u00e4usern, seine Stadtmauern aus dem Mittelalter, sowie sein Amphitheater. Sch\u00f6ne Str\u00e4nde sind nicht weit entfernt und auch sport-und naturbegeisterte Urlauber kommen hie voll auf ihre Kosten. Die Landschaft um <\/span><b>Alc\u00fadia<\/b><span style=\"font-weight: 400;\"> herum ist \u00fcppig und abwechslungsreich und l\u00e4dt zu ausgedehnten Entdeckungstouren ein. Man kann hier ganz entspannt Landschaft, Natur und Freiheit genie\u00dfen \u2013 zu Fu\u00df, mit dem Rad oder auch mit dem Auto. <\/span><\/p>\n<p><span style=\"font-weight: 400;\">Ganz in der N\u00e4he von <\/span><b>Alc\u00fadia<\/b><span style=\"font-weight: 400;\"> gibt es zwei wundersch\u00f6ne Naturschutzgebiete, <\/span><i><span style=\"font-weight: 400;\">S\u2019Albufera<\/span><\/i><span style=\"font-weight: 400;\"> und <\/span><i><span style=\"font-weight: 400;\">S\u2019Albufereta<\/span><\/i><span style=\"font-weight: 400;\">, beide mit interessanter Flora und Fauna. <\/span><\/p>\n<h3><b>Pollensa und Puerto Pollensa \u2013 Landleben kontra Strandurlaub<\/b><\/h3>\n<p><img loading=\"lazy\" decoding=\"async\" class=\"aligncenter size-large wp-image-1448\" src=\"https:\/\/blog.bellmon.com\/wp-content\/uploads\/pollensa-1080x630.jpg\" alt=\"pollensa coast\" width=\"751\" height=\"438\" \/><\/p>\n<p><b>Pollensa<\/b><span style=\"font-weight: 400;\"> und <\/span><b>Puerto Pollensa<\/b><span style=\"font-weight: 400;\"> liegen am \u00f6stlichen Ende der <\/span><i><span style=\"font-weight: 400;\">Serra de Tramuntana.<\/span><\/i><span style=\"font-weight: 400;\"> Das charmante Duo repr\u00e4sentiert eindrucksvoll die zwei Gesichter Mallorcas: die Altstadt von <\/span><b>Pollensa<\/b><span style=\"font-weight: 400;\"> mit ihren engen Str\u00e4\u00dfchen und alten Geb\u00e4uden hat es geschafft, ihren l\u00e4ndlichen, traditionellen Charakter zu bewahren, w\u00e4hrend <\/span><b>Puerto Pollensa<\/b><span style=\"font-weight: 400;\"> ein modernes, lebhaftes Strandresort ist. Die Atmosph\u00e4re ist dennoch entspannt, viele Familien verbringen hier ihren Sommerurlaub. Pollensas bekannteste Sehensw\u00fcrdigkeit ist die <\/span><i><span style=\"font-weight: 400;\">Calvari<\/span><\/i><span style=\"font-weight: 400;\"> Treppe. Vom <\/span><i><span style=\"font-weight: 400;\">Calvari<\/span><\/i><span style=\"font-weight: 400;\"> Platz aus f\u00fchrt die <\/span><i><span style=\"font-weight: 400;\">Calle de Calvari<\/span><\/i><span style=\"font-weight: 400;\"> einen kleinen H\u00fcgel hinauf, auf dem eine romantische kleine Kapelle thront. <\/span><\/p>\n<p><span style=\"font-weight: 400;\">Hauptsehensw\u00fcrdigkeit in <\/span><b>Puerto Pollensa<\/b><span style=\"font-weight: 400;\"> ist die wundersch\u00f6ne, von Pinien beschattete Strandpromenade \u201e<\/span><i><span style=\"font-weight: 400;\">Passeig Vora Mar<\/span><\/i><span style=\"font-weight: 400;\">\u201d. W\u00e4hrend eines entspannten Spaziergangs \u00fcber die Promenade kann man die spektakul\u00e4re Aussicht auf das t\u00fcrkisfarbene Meer genie\u00dfen. Nat\u00fcrlich hat man hier auch Gelegenheit, in einem der h\u00fcbschen Caf\u00e9s zu sitzen oder f\u00fcr ein leckeres mallorquinisches Gericht in einem der Restaurants einzukehren.<\/span><\/p>\n<h2><b>Mallorcas Ostk\u00fcste \u2013 ein Paradies f\u00fcr Familienurlaub<\/b><\/h2>\n<p><img loading=\"lazy\" decoding=\"async\" class=\"aligncenter size-full wp-image-1449\" src=\"https:\/\/blog.bellmon.com\/wp-content\/uploads\/mallorca-sand-castle.jpg\" alt=\"sand castle\" width=\"960\" height=\"537\" srcset=\"https:\/\/blog.bellmon.com\/wp-content\/uploads\/mallorca-sand-castle.jpg 960w, https:\/\/blog.bellmon.com\/wp-content\/uploads\/mallorca-sand-castle-768x430.jpg 768w\" sizes=\"auto, (max-width: 960px) 100vw, 960px\" \/><\/p>\n<p><span style=\"font-weight: 400;\">Die Ostk\u00fcste Mallorcas ist f\u00fcr Familienurlaub bestens geeignet. Hier gibt es eine ganze Reihe Hotels, die ihr Angebot speziell auf Familien mit Kindern ausgerichtet haben. Auch die Auswahl an Apartments und Ferienh\u00e4usern f\u00fcr Familien ist sehr gut. Wer im Urlaub gerne unabh\u00e4ngig bleibt, ist hier gut aufgehoben. Die K\u00fcste in Mallorcas Osten ist abwechslungsreich und bietet alles, was man sich f\u00fcr einen Urlaub in der Sonne w\u00fcnscht. Es gibt jede Menge sch\u00f6ne Str\u00e4nde, im Hinterland laden die H\u00fcgel des <\/span><i><span style=\"font-weight: 400;\">Llevant<\/span><\/i><span style=\"font-weight: 400;\"> Gebirges zu Entdeckungstouren ein.<\/span><\/p>\n<h3><b>Cala Millor \u2013 Tourismus pur<\/b><\/h3>\n<p><img loading=\"lazy\" decoding=\"async\" class=\"aligncenter size-full wp-image-1450\" src=\"https:\/\/blog.bellmon.com\/wp-content\/uploads\/cala-millor-mallorca.jpg\" alt=\"cala millor beach\" width=\"960\" height=\"524\" srcset=\"https:\/\/blog.bellmon.com\/wp-content\/uploads\/cala-millor-mallorca.jpg 960w, https:\/\/blog.bellmon.com\/wp-content\/uploads\/cala-millor-mallorca-768x419.jpg 768w\" sizes=\"auto, (max-width: 960px) 100vw, 960px\" \/><\/p>\n<p><b>Calar Millor<\/b><span style=\"font-weight: 400;\"> ist eine der haupts\u00e4chlich auf Tourismus ausgelegten St\u00e4dte Mallorcas. Unz\u00e4hlige Resorts, Hotels und Apartmentanlagen liegen am Rand der langgestreckten Sandstr\u00e4nde des Ortes. <\/span><\/p>\n<h3><b>Porto Christo \u2013 wei\u00dfe Villen, die in der Sonne leuchten<\/b><\/h3>\n<p><img loading=\"lazy\" decoding=\"async\" class=\"aligncenter size-large wp-image-1451\" src=\"https:\/\/blog.bellmon.com\/wp-content\/uploads\/beach-695095_960_720-960x630.jpg\" alt=\"porto cristo beach\" width=\"751\" height=\"493\" \/><\/p>\n<p><span style=\"font-weight: 400;\">Im Gegensatz zu Calar Millor hat sich die kleine Stadt <\/span><b>Porto Cristo <\/b><span style=\"font-weight: 400;\">ihren ruhigen und authentischen Charakter bewahrt. Alte Geb\u00e4ude aus Stein und leuchtend wei\u00dfe Stadth\u00e4user dominieren das Stadtbild. Die Altstadt ist sehr h\u00fcbsch, mit ihren engen mittelalterlichen Gassen. Es gibt zahlreiche Restaurants und kleine Gesch\u00e4fte am <\/span><i><span style=\"font-weight: 400;\">Passeig de la Sirena<\/span><\/i><span style=\"font-weight: 400;\">, in der N\u00e4he des Hafens.<\/span><\/p>\n<h3><b>Santanyi \u2013 zur\u00fcck zu den l\u00e4ndlichen Wurzeln Mallorcas<\/b><\/h3>\n<p><img loading=\"lazy\" decoding=\"async\" class=\"aligncenter size-large wp-image-1452\" src=\"https:\/\/blog.bellmon.com\/wp-content\/uploads\/mallorca-112586_960_720-960x630.jpg\" alt=\"cala santanyi mallorca\" width=\"751\" height=\"493\" \/><\/p>\n<p><b>Santanyi<\/b><span style=\"font-weight: 400;\"> ist ein charmantes St\u00e4dtchen im S\u00fcdosten Mallorcas. Bei Reisen in diesen Teil der Insel kann man den authentischen Lebensstil der Inselbewohner kennenlernen. Hier findet man eine perfekte Mischung aus Geschichte und Moderne. Wer entspannte Ferien abseits von den Massen verbringen m\u00f6chte, ist in der Gegend um <\/span><b>Santanyi<\/b><span style=\"font-weight: 400;\"> und <\/span><b>Cala de Santanyi<\/b><span style=\"font-weight: 400;\"> richtig. Die Landschaft in der Umgebung des Ortes bietet den perfekten Rahmen f\u00fcr unvergessliche Ausfl\u00fcge mit dem Rad oder im Rahmen einer Wandertour. <\/span><\/p>\n<p><span style=\"font-weight: 400;\">Aber auch f\u00fcr Strandurlaub ist <\/span><b>Santanyi<\/b><span style=\"font-weight: 400;\"> gut geeignet: mit mehr als f\u00fcnfunddrei\u00dfig Kilometern Sandstrand ist die Gegend einfach top geeignet f\u00fcr entspannten Urlaub am Meer, abseits der Touristenstr\u00f6me.<\/span><\/p>\n<h2><b>Mallorcas S\u00fcden \u2013 charmante Idylle<\/b><\/h2>\n<p><img loading=\"lazy\" decoding=\"async\" class=\"aligncenter size-large wp-image-1453\" src=\"https:\/\/blog.bellmon.com\/wp-content\/uploads\/mallorca-cala-figuera-960x630.jpg\" alt=\"southern mallorca\" width=\"751\" height=\"493\" \/><\/p>\n<p><span style=\"font-weight: 400;\">Der S\u00fcden Mallorca ist eher arm an Sehensw\u00fcrdigkeiten und es gibt hier auch keine oder wenig gro\u00dfe Ferienzentren. Das s\u00fcdliche Mallorca verf\u00fchrt mit seinem l\u00e4ndlichen, ruhigen Charakter. Wer sich darauf einl\u00e4sst, entdeckt kleine idyllische Buchten und charmante kleine D\u00f6rfer und St\u00e4dte. Die Gegend l\u00e4dt dazu ein, Land und Leute kennenzulernen und wer gerne einen interessanten Urlaub abseits der Menge verbringen m\u00f6chte, sollte diesen Teil der Insel auf jeden Fall in die engere Wahl nehmen. <\/span><\/p>\n<h3><b>Cala Figuera \u2013 das sch\u00f6nste Fischerdorf der Insel<\/b><\/h3>\n<p><img loading=\"lazy\" decoding=\"async\" class=\"aligncenter size-large wp-image-1454\" src=\"https:\/\/blog.bellmon.com\/wp-content\/uploads\/cala-figuera-960x630.jpg\" alt=\"cala figuera's blue sea\" width=\"751\" height=\"493\" \/><\/p>\n<p><b>Cala Figuera<\/b><span style=\"font-weight: 400;\"> ist ein ehemaliges Fischerdorf, das sehr sch\u00f6n an der Bucht mit dem gleichen Namen liegt. Der Ort hat es geschafft, sich seinen urspr\u00fcnglichen Charme zu bewahren. So gibt es im Hafenbereich keinen Autoverkehr, noch findet man hier riesige Hotelkomplexe. <\/span><\/p>\n<h3><b>Felanitx und Campos \u2013 Landleben auf Mallorca<\/b><\/h3>\n<p><img loading=\"lazy\" decoding=\"async\" class=\"aligncenter size-large wp-image-1455\" src=\"https:\/\/blog.bellmon.com\/wp-content\/uploads\/mallorca-es-trenc-960x630.jpg\" alt=\"es trenc mallorca\" width=\"751\" height=\"493\" \/><\/p>\n<p><b>Felanitx<\/b><span style=\"font-weight: 400;\"> und <\/span><b>Campos<\/b><span style=\"font-weight: 400;\"> sind zwei l\u00e4ndliche St\u00e4dte im S\u00fcden Mallorcas. Beide sind umgeben von Feldern und Plantagen. Es sind keine typischen Touristenst\u00e4dte, sie bieten aber dennoch eine gute Ausgangsbasis um einige sch\u00f6ne Ecken der Insel zu entdecken. So ist z.B. der wundersch\u00f6ne Naturstrand <\/span><b>Es Trenc<\/b><span style=\"font-weight: 400;\">, mit seinem feinen wei\u00dfen Sand nicht weit weg. Der Strand liegt inmitten eines Naturschutzgebietes und gilt als einer der sch\u00f6nsten Str\u00e4nde Mallorcas. <\/span><\/p>\n<h2><b>Die Westk\u00fcste Mallorcas \u2013 die Welt der Sch\u00f6nen und Reichen<\/b><\/h2>\n<p><img loading=\"lazy\" decoding=\"async\" class=\"aligncenter size-full wp-image-1456\" src=\"https:\/\/blog.bellmon.com\/wp-content\/uploads\/boot-andratx.jpg\" alt=\"boat in andratx port\" width=\"960\" height=\"539\" srcset=\"https:\/\/blog.bellmon.com\/wp-content\/uploads\/boot-andratx.jpg 960w, https:\/\/blog.bellmon.com\/wp-content\/uploads\/boot-andratx-768x431.jpg 768w\" sizes=\"auto, (max-width: 960px) 100vw, 960px\" \/><\/p>\n<p><span style=\"font-weight: 400;\">Insbesondere der S\u00fcdwesten Mallorcas ist eines der exklusivsten Wohngebiete der Insel. Viele VIPs haben sich hier angesiedelt und so das Image Mallorcas als Promi-Insel begr\u00fcndet.<\/span><\/p>\n<h3><b>Port d\u2019Andratx \u2013 stylish und elegant<\/b><\/h3>\n<p><img loading=\"lazy\" decoding=\"async\" class=\"aligncenter size-large wp-image-1457\" src=\"https:\/\/blog.bellmon.com\/wp-content\/uploads\/mallorca-puerto-andratx-960x630.jpg\" alt=\"mallorca-puerto-andratx\" width=\"751\" height=\"493\" \/><\/p>\n<p><b>Port d\u2019Andratx<\/b><span style=\"font-weight: 400;\"> wird oft als der sch\u00f6nste Hafen des Mittelmeers bezeichnet. Es ist ein schickes Hafenst\u00e4dtchen, das vornehmlich die wohlhabendere Klientele anspricht. Das Stadtbild ist gepr\u00e4gt von pr\u00e4chtigen Villen und teuren Autos. Golfpl\u00e4tze und Luxus-Spas vervollst\u00e4ndigen das Angebot. Die Stadt liegt sehr sch\u00f6n an einer weiten Bucht, hat aber keinen wirklichen Strand. <\/span><\/p>\n<h3><b>Valldemossa \u2013 einer der malerischsten Orte Mallorcas<\/b><\/h3>\n<p><img loading=\"lazy\" decoding=\"async\" class=\"aligncenter size-full wp-image-1458\" src=\"https:\/\/blog.bellmon.com\/wp-content\/uploads\/valldemossa-mallorca.jpg\" alt=\"valldemossa-mallorca\" width=\"960\" height=\"581\" srcset=\"https:\/\/blog.bellmon.com\/wp-content\/uploads\/valldemossa-mallorca.jpg 960w, https:\/\/blog.bellmon.com\/wp-content\/uploads\/valldemossa-mallorca-768x465.jpg 768w\" sizes=\"auto, (max-width: 960px) 100vw, 960px\" \/><\/p>\n<p><b>Valldemossa<\/b><span style=\"font-weight: 400;\"> ist ein kleiner Ort in den Ausl\u00e4ufern der <\/span><i><span style=\"font-weight: 400;\">Serra de Tramuntana<\/span><\/i><span style=\"font-weight: 400;\">. Seine idyllische Lage und der historische Ortskern mit seinen engen Str\u00e4\u00dfchen haben es zu einem bekannten Ausflugsort f\u00fcr Touristen gemacht. Au\u00dfer seiner nat\u00fcrlichen Sch\u00f6nheit gibt es keine wichtigen Sehensw\u00fcrdigkeiten in Valldemossa. Bekannt wurde der Ort auch durch die Tatsache, dass Frederic Chopin und George Sand den Winter 1838\/39 hier verbrachten. <\/span><\/p>\n<h3><b>Soller und Puerto de Soller \u2013 ein Paradies f\u00fcr Wanderer<\/b><\/h3>\n<p><img loading=\"lazy\" decoding=\"async\" class=\"aligncenter size-full wp-image-1459\" src=\"https:\/\/blog.bellmon.com\/wp-content\/uploads\/mallorca-soller.jpg\" alt=\"mallorca-soller\" width=\"960\" height=\"541\" srcset=\"https:\/\/blog.bellmon.com\/wp-content\/uploads\/mallorca-soller.jpg 960w, https:\/\/blog.bellmon.com\/wp-content\/uploads\/mallorca-soller-768x433.jpg 768w\" sizes=\"auto, (max-width: 960px) 100vw, 960px\" \/><\/p>\n<p><b>Soller<\/b><span style=\"font-weight: 400;\">, das ungef\u00e4hr 30 Kilometer von Palma de Mallorca entfernt liegt, ist das kulturelle und gesch\u00e4ftliche Zentrum der <\/span><i><span style=\"font-weight: 400;\">Serra de Tramuntana<\/span><\/i><span style=\"font-weight: 400;\">. Die Stadt und der dazugeh\u00f6rende Hafenort <\/span><b>Puerto Soller<\/b><span style=\"font-weight: 400;\"> sind der Inbegriff des urspr\u00fcnglichen Mallorca. Deshalb ist es auch nicht verwunderlich, dass <\/span><b>Soller<\/b><span style=\"font-weight: 400;\"> bereits seit 2011 als UNESCO Weltkulturerbe gesch\u00fctzt ist. Hier gibt es keinen Massentourismus. Die Gegend um Soller ist deshalb perfekt f\u00fcr Individualtouristen geeignet. Es ist ein Paradies f\u00fcr Wanderer und Naturliebhaber. <\/span><\/p>\n<h3><b>Dei\u00e0 \u2013 entz\u00fcckende Bergwelt<\/b><\/h3>\n<p><img loading=\"lazy\" decoding=\"async\" class=\"aligncenter size-large wp-image-1460\" src=\"https:\/\/blog.bellmon.com\/wp-content\/uploads\/deia-mallorca-960x630.jpg\" alt=\"deia-mallorca\" width=\"751\" height=\"493\" \/><\/p>\n<p><b>Dei\u00e0<\/b><span style=\"font-weight: 400;\"> ist eine faszinierende kleine Stadt, die auf dem Gipfel des <\/span><i><span style=\"font-weight: 400;\">Puig de Teix<\/span><\/i><span style=\"font-weight: 400;\"> (1064 m) liegt. Der Ort wurde recht bekannt durch die Tatsache, dass einige bekannte K\u00fcnstler hier Zeit verbrachten, z.B. Pablo Picasso, Peter Ustinov und Pierce Brosnan.<\/span><\/p>\n<p><span style=\"font-weight: 400;\">Auch die wundersch\u00f6ne Bucht mit dem gleichen Namen, <\/span><b>Cala de Dei\u00e0, <\/b><span style=\"font-weight: 400;\">ist einen Besuch wert. Ebenfalls nicht weit entfernt ist der von hohen Felsen umrahmte Strand <\/span><i><span style=\"font-weight: 400;\">Platja de Llucalcari<\/span><\/i><span style=\"font-weight: 400;\">. <\/span><\/p>\n<h2><b>Palma de Mallorca \u2013 Mallorcas interessante Hauptstadt<\/b><\/h2>\n<p><img loading=\"lazy\" decoding=\"async\" class=\"aligncenter size-large wp-image-1461\" src=\"https:\/\/blog.bellmon.com\/wp-content\/uploads\/palma-de-mallorca-la-seu-960x630.jpg\" alt=\"palma-de-mallorca-la-seu\" width=\"751\" height=\"493\" \/><\/p>\n<p><b>Palma de Mallorca<\/b><span style=\"font-weight: 400;\">, die Hauptstadt und zugleich gr\u00f6\u00dfte Stadt der Insel, ist f\u00fcr sich bereits eine Reise wert. Hier findet man wirklich alles f\u00fcr einen interessanten und abwechslungsreichen Urlaub: tolle Shopping-M\u00f6glichkeiten, eine historische Altstadt, langgestreckte Sandstr\u00e4nde und das pulsierende Nachtleben, f\u00fcr das Mallorca so bekannt ist. <\/span><\/p>\n<p><span style=\"font-weight: 400;\">In dieser lebhaften und charmanten Stadt kann jeder sein Urlaubsgl\u00fcck finden. Familienurlaub mit ausgiebigen Strandbesuchen oder kulturbetonter St\u00e4dtetrip &#8211; das an der zwanzig Kilometer langen Bucht <\/span><i><span style=\"font-weight: 400;\">Badia de Palma <\/span><\/i><span style=\"font-weight: 400;\">gelegene Palma ist f\u00fcr jede Urlaubsart ein attraktives Ziel.<\/span><\/p>\n<p><span style=\"font-weight: 400;\">Mit insgesamt sechs Kilometern Strand ist <\/span><b>Palma de Mallorca<\/b><span style=\"font-weight: 400;\"> auch f\u00fcr einen entspannten Strandurlaub mit der Familie bestens geeignet, denn nicht alle Strandbereiche geh\u00f6ren zu der ber\u00fchmt-ber\u00fcchtigten Partymeile rund um den \u201eBallermann\u201c, der eigentlich <\/span><i><span style=\"font-weight: 400;\">Balneario 6<\/span><\/i><span style=\"font-weight: 400;\"> hei\u00dft.<\/span><\/p>\n<p><span style=\"font-weight: 400;\">Wer sich eher f\u00fcr Kultur und Geschichte interessiert als f\u00fcr ausgelassenes Feiern, f\u00fcr den ist Palma de Mallorca eine wahre Fundgrube an historischen und kulturellen Sch\u00e4tzen. Mit ihrem reichen geschichtlichen Erbe, den wundersch\u00f6nen alten Geb\u00e4uden, stillen Pl\u00e4tzen und engen kleinen Gassen ist Mallorcas Hauptstadt ein durchaus lohnendes Ziel f\u00fcr einen interessanten St\u00e4dteurlaub.<\/span><\/p>\n<p><span style=\"font-weight: 400;\">Das bekannteste historische Geb\u00e4ude Palmas ist die hoch \u00fcber der Stadt aufragende <\/span><i><span style=\"font-weight: 400;\">La Seu<\/span><\/i><span style=\"font-weight: 400;\"> Kathedrale. Das beeindruckende gotische Gotteshaus wird auch \u201eKathedrale des Lichtes\u201c genannt, da das Sonnenlicht faszinierende und ungew\u00f6hnliche Lichteffekte durch die bunten Kirchenfenster wirft.<\/span><\/p>\n<p><span style=\"font-weight: 400;\">Die Altstadt Palmas ist ein charmantes Gewirr aus kleinen Gassen, vertr\u00e4umten Pl\u00e4tzen und steilen Treppen. Ein Gro\u00dfteil der historischen Innenstadt ist Fu\u00dfg\u00e4ngerzone und somit perfekt f\u00fcr entspannte Stadtbummel in der sonnenverw\u00f6hnten Metropole geeignet. <\/span><\/p>\n<p><span style=\"font-weight: 400;\">Nat\u00fcrlich kann man hier auch exzellent shoppen. Die besten Einkaufsstra\u00dfen sind\u00a0<\/span><b><i>Passeig<\/i><\/b><b><i> d\u2019es Born<\/i><\/b> <span style=\"font-weight: 400;\">und<\/span> <b><i>Passeig de la Rambla<\/i><\/b><b>. <\/b><\/p>\n","protected":false},"excerpt":{"rendered":"<p>Mallorca ist eine der begehrtesten Ferienregionen Europas. Tats\u00e4chlich hat die kleine Baleareninsel ihren Besuchern einiges zu bieten: lange Str\u00e4nde mit&#8230;<\/p>\n","protected":false},"author":2,"featured_media":1414,"comment_status":"open","ping_status":"open","sticky":false,"template":"","format":"standard","meta":{"footnotes":""},"categories":[2],"tags":[],"class_list":["post-1463","post","type-post","status-publish","format-standard","has-post-thumbnail","hentry","category-mallorca-urlaub"],"yoast_head":"<!-- This site is optimized with the Yoast SEO plugin v26.2 - https:\/\/yoast.com\/wordpress\/plugins\/seo\/ -->\n<title>Mallorca \u2013 die sch\u00f6nsten Orte f\u00fcr Ihren Urlaub auf der Sonneninsel<\/title>\n<meta name=\"description\" content=\"Mallorca ist eine der begehrtesten Ferienregionen Europas. Tats\u00e4chlich hat die kleine Baleareninsel ihren Besuchern einiges zu bieten: lange Str\u00e4nde mit\" \/>\n<meta name=\"robots\" content=\"index, follow, max-snippet:-1, max-image-preview:large, max-video-preview:-1\" \/>\n<link rel=\"canonical\" href=\"https:\/\/blog.bellmon.com\/de\/mallorca-die-schoensten-orte-fuer-ihren-urlaub-auf-der-sonneninsel\/\" \/>\n<meta property=\"og:locale\" content=\"de_DE\" \/>\n<meta property=\"og:type\" content=\"article\" \/>\n<meta property=\"og:title\" content=\"Mallorca \u2013 die sch\u00f6nsten Orte f\u00fcr Ihren Urlaub auf der Sonneninsel\" \/>\n<meta property=\"og:description\" content=\"Mallorca ist eine der begehrtesten Ferienregionen Europas. Tats\u00e4chlich hat die kleine Baleareninsel ihren Besuchern einiges zu bieten: lange Str\u00e4nde mit\" \/>\n<meta property=\"og:url\" content=\"https:\/\/blog.bellmon.com\/de\/mallorca-die-schoensten-orte-fuer-ihren-urlaub-auf-der-sonneninsel\/\" \/>\n<meta property=\"og:site_name\" content=\"Majorca Holidays | Bellmon\" \/>\n<meta property=\"article:published_time\" content=\"2018-04-03T10:17:34+00:00\" \/>\n<meta property=\"og:image\" content=\"https:\/\/blog.bellmon.com\/wp-content\/uploads\/slider.jpg\" \/>\n\t<meta property=\"og:image:width\" content=\"1024\" \/>\n\t<meta property=\"og:image:height\" content=\"576\" \/>\n\t<meta property=\"og:image:type\" content=\"image\/jpeg\" \/>\n<meta name=\"author\" content=\"Tony Amer Llompart\" \/>\n<meta name=\"twitter:card\" content=\"summary_large_image\" \/>\n<meta name=\"twitter:label1\" content=\"Verfasst von\" \/>\n\t<meta name=\"twitter:data1\" content=\"Tony Amer Llompart\" \/>\n\t<meta name=\"twitter:label2\" content=\"Gesch\u00e4tzte Lesezeit\" \/>\n\t<meta name=\"twitter:data2\" content=\"8\u00a0Minuten\" \/>\n<script type=\"application\/ld+json\" class=\"yoast-schema-graph\">{\"@context\":\"https:\/\/schema.org\",\"@graph\":[{\"@type\":\"WebPage\",\"@id\":\"https:\/\/blog.bellmon.com\/de\/mallorca-die-schoensten-orte-fuer-ihren-urlaub-auf-der-sonneninsel\/\",\"url\":\"https:\/\/blog.bellmon.com\/de\/mallorca-die-schoensten-orte-fuer-ihren-urlaub-auf-der-sonneninsel\/\",\"name\":\"Mallorca \u2013 die sch\u00f6nsten Orte f\u00fcr Ihren Urlaub auf der Sonneninsel\",\"isPartOf\":{\"@id\":\"https:\/\/blog.bellmon.com\/#website\"},\"primaryImageOfPage\":{\"@id\":\"https:\/\/blog.bellmon.com\/de\/mallorca-die-schoensten-orte-fuer-ihren-urlaub-auf-der-sonneninsel\/#primaryimage\"},\"image\":{\"@id\":\"https:\/\/blog.bellmon.com\/de\/mallorca-die-schoensten-orte-fuer-ihren-urlaub-auf-der-sonneninsel\/#primaryimage\"},\"thumbnailUrl\":\"https:\/\/blog.bellmon.com\/wp-content\/uploads\/slider.jpg\",\"datePublished\":\"2018-04-03T10:17:34+00:00\",\"author\":{\"@id\":\"https:\/\/blog.bellmon.com\/#\/schema\/person\/5b006ee0c0fc250a8e742c9f6405b13e\"},\"description\":\"Mallorca ist eine der begehrtesten Ferienregionen Europas. Tats\u00e4chlich hat die kleine Baleareninsel ihren Besuchern einiges zu bieten: lange Str\u00e4nde mit\",\"breadcrumb\":{\"@id\":\"https:\/\/blog.bellmon.com\/de\/mallorca-die-schoensten-orte-fuer-ihren-urlaub-auf-der-sonneninsel\/#breadcrumb\"},\"inLanguage\":\"de\",\"potentialAction\":[{\"@type\":\"ReadAction\",\"target\":[\"https:\/\/blog.bellmon.com\/de\/mallorca-die-schoensten-orte-fuer-ihren-urlaub-auf-der-sonneninsel\/\"]}]},{\"@type\":\"ImageObject\",\"inLanguage\":\"de\",\"@id\":\"https:\/\/blog.bellmon.com\/de\/mallorca-die-schoensten-orte-fuer-ihren-urlaub-auf-der-sonneninsel\/#primaryimage\",\"url\":\"https:\/\/blog.bellmon.com\/wp-content\/uploads\/slider.jpg\",\"contentUrl\":\"https:\/\/blog.bellmon.com\/wp-content\/uploads\/slider.jpg\",\"width\":1024,\"height\":576},{\"@type\":\"BreadcrumbList\",\"@id\":\"https:\/\/blog.bellmon.com\/de\/mallorca-die-schoensten-orte-fuer-ihren-urlaub-auf-der-sonneninsel\/#breadcrumb\",\"itemListElement\":[{\"@type\":\"ListItem\",\"position\":1,\"name\":\"Portada\",\"item\":\"https:\/\/blog.bellmon.com\/\"},{\"@type\":\"ListItem\",\"position\":2,\"name\":\"Mallorca \u2013 die sch\u00f6nsten Orte f\u00fcr Ihren Urlaub auf der Sonneninsel\"}]},{\"@type\":\"WebSite\",\"@id\":\"https:\/\/blog.bellmon.com\/#website\",\"url\":\"https:\/\/blog.bellmon.com\/\",\"name\":\"Majorca Holidays | Bellmon\",\"description\":\"Discover Majorca through our articles writed by local people and our holiday experts :-D\",\"potentialAction\":[{\"@type\":\"SearchAction\",\"target\":{\"@type\":\"EntryPoint\",\"urlTemplate\":\"https:\/\/blog.bellmon.com\/?s={search_term_string}\"},\"query-input\":{\"@type\":\"PropertyValueSpecification\",\"valueRequired\":true,\"valueName\":\"search_term_string\"}}],\"inLanguage\":\"de\"},{\"@type\":\"Person\",\"@id\":\"https:\/\/blog.bellmon.com\/#\/schema\/person\/5b006ee0c0fc250a8e742c9f6405b13e\",\"name\":\"Tony Amer Llompart\"}]}<\/script>\n<!-- \/ Yoast SEO plugin. -->","yoast_head_json":{"title":"Mallorca \u2013 die sch\u00f6nsten Orte f\u00fcr Ihren Urlaub auf der Sonneninsel","description":"Mallorca ist eine der begehrtesten Ferienregionen Europas. Tats\u00e4chlich hat die kleine Baleareninsel ihren Besuchern einiges zu bieten: lange Str\u00e4nde mit","robots":{"index":"index","follow":"follow","max-snippet":"max-snippet:-1","max-image-preview":"max-image-preview:large","max-video-preview":"max-video-preview:-1"},"canonical":"https:\/\/blog.bellmon.com\/de\/mallorca-die-schoensten-orte-fuer-ihren-urlaub-auf-der-sonneninsel\/","og_locale":"de_DE","og_type":"article","og_title":"Mallorca \u2013 die sch\u00f6nsten Orte f\u00fcr Ihren Urlaub auf der Sonneninsel","og_description":"Mallorca ist eine der begehrtesten Ferienregionen Europas. Tats\u00e4chlich hat die kleine Baleareninsel ihren Besuchern einiges zu bieten: lange Str\u00e4nde mit","og_url":"https:\/\/blog.bellmon.com\/de\/mallorca-die-schoensten-orte-fuer-ihren-urlaub-auf-der-sonneninsel\/","og_site_name":"Majorca Holidays | Bellmon","article_published_time":"2018-04-03T10:17:34+00:00","og_image":[{"width":1024,"height":576,"url":"https:\/\/blog.bellmon.com\/wp-content\/uploads\/slider.jpg","type":"image\/jpeg"}],"author":"Tony Amer Llompart","twitter_card":"summary_large_image","twitter_misc":{"Verfasst von":"Tony Amer Llompart","Gesch\u00e4tzte Lesezeit":"8\u00a0Minuten"},"schema":{"@context":"https:\/\/schema.org","@graph":[{"@type":"WebPage","@id":"https:\/\/blog.bellmon.com\/de\/mallorca-die-schoensten-orte-fuer-ihren-urlaub-auf-der-sonneninsel\/","url":"https:\/\/blog.bellmon.com\/de\/mallorca-die-schoensten-orte-fuer-ihren-urlaub-auf-der-sonneninsel\/","name":"Mallorca \u2013 die sch\u00f6nsten Orte f\u00fcr Ihren Urlaub auf der Sonneninsel","isPartOf":{"@id":"https:\/\/blog.bellmon.com\/#website"},"primaryImageOfPage":{"@id":"https:\/\/blog.bellmon.com\/de\/mallorca-die-schoensten-orte-fuer-ihren-urlaub-auf-der-sonneninsel\/#primaryimage"},"image":{"@id":"https:\/\/blog.bellmon.com\/de\/mallorca-die-schoensten-orte-fuer-ihren-urlaub-auf-der-sonneninsel\/#primaryimage"},"thumbnailUrl":"https:\/\/blog.bellmon.com\/wp-content\/uploads\/slider.jpg","datePublished":"2018-04-03T10:17:34+00:00","author":{"@id":"https:\/\/blog.bellmon.com\/#\/schema\/person\/5b006ee0c0fc250a8e742c9f6405b13e"},"description":"Mallorca ist eine der begehrtesten Ferienregionen Europas. Tats\u00e4chlich hat die kleine Baleareninsel ihren Besuchern einiges zu bieten: lange Str\u00e4nde mit","breadcrumb":{"@id":"https:\/\/blog.bellmon.com\/de\/mallorca-die-schoensten-orte-fuer-ihren-urlaub-auf-der-sonneninsel\/#breadcrumb"},"inLanguage":"de","potentialAction":[{"@type":"ReadAction","target":["https:\/\/blog.bellmon.com\/de\/mallorca-die-schoensten-orte-fuer-ihren-urlaub-auf-der-sonneninsel\/"]}]},{"@type":"ImageObject","inLanguage":"de","@id":"https:\/\/blog.bellmon.com\/de\/mallorca-die-schoensten-orte-fuer-ihren-urlaub-auf-der-sonneninsel\/#primaryimage","url":"https:\/\/blog.bellmon.com\/wp-content\/uploads\/slider.jpg","contentUrl":"https:\/\/blog.bellmon.com\/wp-content\/uploads\/slider.jpg","width":1024,"height":576},{"@type":"BreadcrumbList","@id":"https:\/\/blog.bellmon.com\/de\/mallorca-die-schoensten-orte-fuer-ihren-urlaub-auf-der-sonneninsel\/#breadcrumb","itemListElement":[{"@type":"ListItem","position":1,"name":"Portada","item":"https:\/\/blog.bellmon.com\/"},{"@type":"ListItem","position":2,"name":"Mallorca \u2013 die sch\u00f6nsten Orte f\u00fcr Ihren Urlaub auf der Sonneninsel"}]},{"@type":"WebSite","@id":"https:\/\/blog.bellmon.com\/#website","url":"https:\/\/blog.bellmon.com\/","name":"Majorca Holidays | Bellmon","description":"Discover Majorca through our articles writed by local people and our holiday experts :-D","potentialAction":[{"@type":"SearchAction","target":{"@type":"EntryPoint","urlTemplate":"https:\/\/blog.bellmon.com\/?s={search_term_string}"},"query-input":{"@type":"PropertyValueSpecification","valueRequired":true,"valueName":"search_term_string"}}],"inLanguage":"de"},{"@type":"Person","@id":"https:\/\/blog.bellmon.com\/#\/schema\/person\/5b006ee0c0fc250a8e742c9f6405b13e","name":"Tony Amer Llompart"}]}},"_links":{"self":[{"href":"https:\/\/blog.bellmon.com\/de\/wp-json\/wp\/v2\/posts\/1463","targetHints":{"allow":["GET"]}}],"collection":[{"href":"https:\/\/blog.bellmon.com\/de\/wp-json\/wp\/v2\/posts"}],"about":[{"href":"https:\/\/blog.bellmon.com\/de\/wp-json\/wp\/v2\/types\/post"}],"author":[{"embeddable":true,"href":"https:\/\/blog.bellmon.com\/de\/wp-json\/wp\/v2\/users\/2"}],"replies":[{"embeddable":true,"href":"https:\/\/blog.bellmon.com\/de\/wp-json\/wp\/v2\/comments?post=1463"}],"version-history":[{"count":1,"href":"https:\/\/blog.bellmon.com\/de\/wp-json\/wp\/v2\/posts\/1463\/revisions"}],"predecessor-version":[{"id":1464,"href":"https:\/\/blog.bellmon.com\/de\/wp-json\/wp\/v2\/posts\/1463\/revisions\/1464"}],"wp:featuredmedia":[{"embeddable":true,"href":"https:\/\/blog.bellmon.com\/de\/wp-json\/wp\/v2\/media\/1414"}],"wp:attachment":[{"href":"https:\/\/blog.bellmon.com\/de\/wp-json\/wp\/v2\/media?parent=1463"}],"wp:term":[{"taxonomy":"category","embeddable":true,"href":"https:\/\/blog.bellmon.com\/de\/wp-json\/wp\/v2\/categories?post=1463"},{"taxonomy":"post_tag","embeddable":true,"href":"https:\/\/blog.bellmon.com\/de\/wp-json\/wp\/v2\/tags?post=1463"}],"curies":[{"name":"wp","href":"https:\/\/api.w.org\/{rel}","templated":true}]}}