{"id":1480,"date":"2018-06-06T10:42:30","date_gmt":"2018-06-06T09:42:30","guid":{"rendered":"https:\/\/blog.bellmon.com\/?p=1480"},"modified":"2018-06-06T10:51:56","modified_gmt":"2018-06-06T09:51:56","slug":"veranstaltungen-juni-mallorca","status":"publish","type":"post","link":"https:\/\/blog.bellmon.com\/de\/veranstaltungen-juni-mallorca\/","title":{"rendered":"Unsere Tipps f\u00fcr interessante Veranstaltungen im Juni 2018 in Mallorca"},"content":{"rendered":"<p><span style=\"font-weight: 400;\">Auch im Juni gibt es wieder ein reichhaltiges Programm mit jeder Menge Veranstaltungen auf Mallorca, der Lieblingsinsel vieler deutscher Urlauber.<\/span><\/p>\n<p><span style=\"font-weight: 400;\">Ob etwas au\u00dfergew\u00f6hnlichere Feste, wie die <\/span><b>Kartoffelmesse in Sa Pobla<\/b><span style=\"font-weight: 400;\">, religi\u00f6se Feiern oder Sport- und Musikveranstaltungen \u2013 es gibt viele interessante Events, die Sie sich auf keinen Fall entgehen lassen sollten. So haben Sie w\u00e4hrend Ihrer Ferien in die Gelegenheit, das authentische Mallorca jenseits des Strandlebens kennenzulernen.<\/span><\/p>\n<p><span style=\"font-weight: 400;\">Vom <\/span><b>1. bis 2. Juni<\/b><span style=\"font-weight: 400;\"> findet die bereits erw\u00e4hnte <\/span><b>Kartoffelmesse<\/b><span style=\"font-weight: 400;\"> statt. F\u00fcr <\/span><b>Sa Pobla<\/b><span style=\"font-weight: 400;\"> ist der Kartoffelanbau ein wichtiger \u00f6konomischer Faktor, und deshalb feiert der Ort die schmackhafte Knollenfrucht mit der allj\u00e4hrlichen <\/span><b><i>Fira de la Patata<\/i><\/b><span style=\"font-weight: 400;\">. Ab 19h30 k\u00f6nnen Sie in den Bars und Restaurants rund um die Pla\u00e7a Major mehr als 90 verschiedene Kartoffelgerichte, Desserts, Wein aus \u00f6rtlicher Produktion und viele andere K\u00f6stlichkeiten probieren. Es gibt au\u00dferdem Live Musik, Showkochen und alle Gesch\u00e4fte werden ge\u00f6ffnet sein. \u00a0<\/span><\/p>\n<p><img loading=\"lazy\" decoding=\"async\" class=\"aligncenter wp-image-1481\" src=\"https:\/\/blog.bellmon.com\/wp-content\/uploads\/fira-patata-01.jpg\" alt=\"sa-pobla-mallorca\" width=\"620\" height=\"330\" \/><\/p>\n<p><b>Am 3. Juni<\/b><span style=\"font-weight: 400;\"> wird in ganz Mallorca feierlich das <\/span><b>Fronleichnamsfest<\/b><span style=\"font-weight: 400;\"> begangen. Besonders eindrucksvolle Feiern wird es in <\/span><b>Palma in der Kathedrale La Seu<\/b><span style=\"font-weight: 400;\"> und in <\/span><b>Pollen\u00e7a<\/b><span style=\"font-weight: 400;\"> geben. In Palma findet im Anschluss an den Gottesdienst eine feierliche Prozession statt. Die Prozession startet um 19h und f\u00fchrt durch die umliegenden Stra\u00dfen, wobei ein mit 1200 Wachsblumen kunstvoll geschm\u00fccktes Kreuz durch die Stra\u00dfen getragen wird. Das Kreuz, die sogenannte <\/span><i><span style=\"font-weight: 400;\">Lledania,<\/span><\/i><span style=\"font-weight: 400;\"> wurde erst vor einigen Jahren restauriert, nachdem es vierzig Jahre lang nicht in Gebrauch war. Zur Feier des Fronleichnamsfestes werden der Platz vor der Kathedrale und der Rathausplatz mit wundersch\u00f6nen <\/span><b>Teppichen aus bunten Blumen<\/b><span style=\"font-weight: 400;\"> geschm\u00fcckt.<\/span><\/p>\n<p><span style=\"font-weight: 400;\">In <\/span><b>Pollen\u00e7a<\/b><span style=\"font-weight: 400;\"> findet zum Anlass des Fronleichnamsfestes ebenfalls eine feierliche Prozession statt, bei der der Tanz &#8222;<\/span><i><span style=\"font-weight: 400;\">Ball de Aquiles<\/span><\/i><span style=\"font-weight: 400;\">&#8220; aufgef\u00fchrt wird. Der \u201eTanz der Adler\u201c ist eine uralte Tradition, die bis ins 16. Jahrhundert zur\u00fcckgeht. Die Prozession beginnt um 19h. <\/span><\/p>\n<p><img loading=\"lazy\" decoding=\"async\" class=\"aligncenter wp-image-1482\" src=\"https:\/\/blog.bellmon.com\/wp-content\/uploads\/fira-pollensa-son-brull-finca-hotel-spa-mallorca.jpg\" alt=\"pollensa-mallorca\" width=\"620\" height=\"372\" srcset=\"https:\/\/blog.bellmon.com\/wp-content\/uploads\/fira-pollensa-son-brull-finca-hotel-spa-mallorca.jpg 1042w, https:\/\/blog.bellmon.com\/wp-content\/uploads\/fira-pollensa-son-brull-finca-hotel-spa-mallorca-768x461.jpg 768w\" sizes=\"auto, (max-width: 620px) 100vw, 620px\" \/><\/p>\n<p><span style=\"font-weight: 400;\">Ebenfalls am <\/span><b>3. Juni<\/b><span style=\"font-weight: 400;\"> findet in <\/span><b>Cala Millor<\/b><span style=\"font-weight: 400;\"> der internationale <\/span><b>Triathlon<\/b><span style=\"font-weight: 400;\"> Wettbewerb TOTAL TRI MALLORCA statt. Dieser bekannte Wettkampf findet bereits zum 8.Mal statt. Eine au\u00dfergew\u00f6hnliche Gelegenheit f\u00fcr alle Sportfreunde, zahlreiche internationale Einzelk\u00e4mpfer und Teams auf den herausfordernden Rennstrecken zu bewundern.<\/span><\/p>\n<p><img loading=\"lazy\" decoding=\"async\" class=\"aligncenter wp-image-1483\" src=\"https:\/\/blog.bellmon.com\/wp-content\/uploads\/slider-2.jpg\" alt=\"\" width=\"620\" height=\"179\" srcset=\"https:\/\/blog.bellmon.com\/wp-content\/uploads\/slider-2.jpg 1900w, https:\/\/blog.bellmon.com\/wp-content\/uploads\/slider-2-768x222.jpg 768w\" sizes=\"auto, (max-width: 620px) 100vw, 620px\" \/><\/p>\n<p><span style=\"font-weight: 400;\">F\u00fcr <\/span><b>Wanderfreunde<\/b><span style=\"font-weight: 400;\"> gibt es am <\/span><b>4. Juni<\/b><span style=\"font-weight: 400;\"> ein besonderes Highlight. Ab 10 h bietet die Touristeninformation in <\/span><b>Puerto Pollensa<\/b><span style=\"font-weight: 400;\"> eine gef\u00fchrte Wanderung durch das <\/span><b>Boquer Tal<\/b><span style=\"font-weight: 400;\"> (<\/span><i><span style=\"font-weight: 400;\">Vall de B\u00f3quer<\/span><\/i><span style=\"font-weight: 400;\">) an. Das <\/span><b><i>Vall de B\u00f3quer<\/i><\/b><span style=\"font-weight: 400;\"> ist ein wundersch\u00f6nes Tal in den Ausl\u00e4ufern des Tramuntana Gebirges auf der Halbinsel Formentor. Das Tal ist bei Wanderern \u00fcberaus beliebt, denn die Flora und Fauna sind einfach einzigartig. Die Landschaft ist wild und urspr\u00fcnglich, das ganze Tal duftet nach Rosmarin und anderen Kr\u00e4utern. Die Wanderung beginnt um 10 h, eine Anmeldung ist 2 Tage im Voraus bei einer der Touristenb\u00fcros in Puerto Pollensa erforderlich.<\/span><\/p>\n<p><img loading=\"lazy\" decoding=\"async\" class=\"wp-image-1484\" src=\"https:\/\/blog.bellmon.com\/wp-content\/uploads\/ValleBoquer.jpg\" alt=\"port pollensa mallorca\" width=\"620\" height=\"246\" srcset=\"https:\/\/blog.bellmon.com\/wp-content\/uploads\/ValleBoquer.jpg 1000w, https:\/\/blog.bellmon.com\/wp-content\/uploads\/ValleBoquer-768x305.jpg 768w\" sizes=\"auto, (max-width: 620px) 100vw, 620px\" \/><\/p>\n<p><span style=\"font-weight: 400;\">Am <\/span><b>5. Juni 2018<\/b><span style=\"font-weight: 400;\"> findet ebenfalls in <\/span><b>Puerto Pollensa<\/b><span style=\"font-weight: 400;\"> ein abendlicher Markt f\u00fcr Kunsthandwerk statt.<\/span><\/p>\n<p>&nbsp;<\/p>\n<p><span style=\"font-weight: 400;\">Vom <\/span><b>9. bis 10. Juni<\/b><span style=\"font-weight: 400;\"> steht <\/span><b>Son Servera<\/b><span style=\"font-weight: 400;\"> ganz im Zeichen der Kunst und des Kunsthandwerks. Ab 20 h am Samstag verwandeln sich bei der &#8222;<\/span><b><i>Nit de l\u2019Art&#8220;<\/i><\/b><span style=\"font-weight: 400;\">\u00a0die Stra\u00dfen des Ortes in ein Freilichtatelier, in dem zahlreiche K\u00fcnstler ihre Gem\u00e4lde, Skulpturen und andere Werke ausstellen. Au\u00dferdem gibt es einen Markt f\u00fcr Kunsthandwerk, Live-Musik und St\u00e4nde mit leckerem Essen. \u00a0Ein ganz besonderes Event ist die spektakul\u00e4re <\/span><b>Lichter-Show<\/b> <b>in der Esglesia Nova<\/b><span style=\"font-weight: 400;\">. Am Sonntag von 9 bis 14 Uhr ist dann Stadtfest mit zahlreichen Attraktionen wie Oldtimerausstellung, Viehmesse, Musik und Ausstellungen. <\/span><\/p>\n<p><img loading=\"lazy\" decoding=\"async\" class=\"aligncenter wp-image-1485\" src=\"https:\/\/blog.bellmon.com\/wp-content\/uploads\/img_24506.jpg\" alt=\"son servera mallorca\" width=\"620\" height=\"349\" \/><\/p>\n<p><span style=\"font-weight: 400;\">Eine Messe der ganz anderen Art findet am <\/span><b>10. Juni in Selva<\/b><span style=\"font-weight: 400;\"> statt. Dort dreht sich bei der <\/span><b><i>Fira de ses Herbes <\/i><\/b><span style=\"font-weight: 400;\">alles um Kr\u00e4uter und Heilpflanzen. Lernen Sie alles, was Sie schon immer \u00fcber den Anbau und die Verwendung von Kr\u00e4utern wissen wollten. <\/span><\/p>\n<p><img loading=\"lazy\" decoding=\"async\" class=\"aligncenter wp-image-1486\" src=\"https:\/\/blog.bellmon.com\/wp-content\/uploads\/fira-de-ses-herbes-herb-fair-selva-selva-648.jpg\" alt=\"\" width=\"620\" height=\"349\" srcset=\"https:\/\/blog.bellmon.com\/wp-content\/uploads\/fira-de-ses-herbes-herb-fair-selva-selva-648.jpg 1200w, https:\/\/blog.bellmon.com\/wp-content\/uploads\/fira-de-ses-herbes-herb-fair-selva-selva-648-768x432.jpg 768w\" sizes=\"auto, (max-width: 620px) 100vw, 620px\" \/><\/p>\n<p><span style=\"font-weight: 400;\">Am <\/span><b>13. Juni<\/b><span style=\"font-weight: 400;\"> feiert <\/span><b>Art\u00e0<\/b><span style=\"font-weight: 400;\"> das <\/span><b>Fest des Heiligen Antonius von Padua<\/b><span style=\"font-weight: 400;\">. Alle Liebhaber mallorquinischer Folklore sollten sich dieses Event (<\/span><i><span style=\"font-weight: 400;\">Fira de Sant Antoni de P\u00e0dua<\/span><\/i><span style=\"font-weight: 400;\">) auf keinen Fall entgehen lassen, denn hier wird der <\/span><b>Tanz der Cavallets und der Dame aufgef\u00fchrt<\/b><span style=\"font-weight: 400;\">. Bei diesem Tanz, dessen Urspr\u00fcnge wahrscheinlich in Katalonien liegen, f\u00fchren bunt gekleidete Kinder, die eine Pferdefigur auf ihren Schultern tragen, mehrere T\u00e4nze mit genau definierten Bewegungen vor. Am Vorabend des Festes findet eine feierliche Prozession durch die Stra\u00dfen des Ortes statt, bei der der Heilige Antonius gefeiert wird. <\/span><\/p>\n<p>&nbsp;<\/p>\n<p><span style=\"font-weight: 400;\">F\u00fcr Musikliebhaber ist das <\/span><b>Jazz-Festival in Dei\u00e0<\/b><span style=\"font-weight: 400;\"> ein ganz besonderer Leckerbissen. Namhafte nationale und internationale K\u00fcnstler treten in den pr\u00e4chtigen R\u00e4umen des ehemaligen Landsitzes des Erzherzogs Ludwig Salvator \u201e<\/span><b><i>Son Marroig<\/i><\/b><span style=\"font-weight: 400;\">\u201c auf. Konzerte finden am 14., 21. und 28. Juni statt. Das <\/span><b>Herrenhaus Son Marroig<\/b><span style=\"font-weight: 400;\"> liegt zwischen Dei\u00e0 und Valldemossa und ist f\u00fcr sich genommen schon einen Ausflug wert. Vom Landgut aus genie\u00dft man eine spektakul\u00e4re Aussicht auf die K\u00fcste. <\/span><\/p>\n<p><img loading=\"lazy\" decoding=\"async\" class=\"aligncenter wp-image-1487\" src=\"https:\/\/blog.bellmon.com\/wp-content\/uploads\/barron1_20812_11.jpg\" alt=\"\" width=\"620\" height=\"349\" srcset=\"https:\/\/blog.bellmon.com\/wp-content\/uploads\/barron1_20812_11.jpg 950w, https:\/\/blog.bellmon.com\/wp-content\/uploads\/barron1_20812_11-768x432.jpg 768w\" sizes=\"auto, (max-width: 620px) 100vw, 620px\" \/><\/p>\n<p><span style=\"font-weight: 400;\">Weg von Kunst und Folklore wenden wir uns wieder dem <\/span><b>Sport<\/b><span style=\"font-weight: 400;\"> zu. Vom <\/span><b>17. bis 24. Juni<\/b><span style=\"font-weight: 400;\"> findet im Tennis Club Santa Ponsa das \u201c<\/span><b>Mallorca All Open Tennis<\/b><span style=\"font-weight: 400;\">\u201d Event statt. Einige international bekannte Tennis-Stars, darunter die ehemalige Weltranglisten-Erste <\/span><b>Angelique Kerber<\/b><span style=\"font-weight: 400;\"> und Caroline Garcia, aktuell Nr. 8 auf der Weltrangliste, werden an dem WTA-Rasenturnier teilnehmen. <\/span><\/p>\n<p>&nbsp;<\/p>\n<p><b>Port d\u2019Alc\u00fadia<\/b><span style=\"font-weight: 400;\"> feiert am <\/span><b>29. Juni<\/b><span style=\"font-weight: 400;\"> den Schutzheiligen der Fischer, den Heiligen Petrus (<\/span><i><span style=\"font-weight: 400;\">Fira de Sant Pere<\/span><\/i><span style=\"font-weight: 400;\">). \u00a0Es findet eine Prozession \u00fcber die Promenade Passeig Mar\u00edtim statt, gefolgt von einer Prozession von Segelschiffen in der Bucht. Die Feierlichkeiten dauern insgesamt eine ganze Woche, w\u00e4hrend der der Hafen von <\/span><b>Alc\u00fadia<\/b><span style=\"font-weight: 400;\"> sich in ein gro\u00dfes Festgel\u00e4nde verwandelt. <\/span><\/p>\n<p><span style=\"font-weight: 400;\">Zahlreiche religi\u00f6se und kulturelle Aktivit\u00e4ten sorgen f\u00fcr eine lebhafte und abwechslungsreiche Atmosph\u00e4re. \u00a0<\/span><\/p>\n<p><span style=\"font-weight: 400;\">Am <\/span><b>30. Juni<\/b><span style=\"font-weight: 400;\"> lohnt sich ein Ausflug nach <\/span><b>Palma<\/b><span style=\"font-weight: 400;\"> ganz besonders, denn an diesem Tag gibt es die ber\u00fchmte <\/span><b>Wachabl\u00f6sung<\/b><span style=\"font-weight: 400;\"> zu sehen. Bei diesem beliebten Event stellt das 47. Infanterieregiment die <\/span><b>historische Wachabl\u00f6se des Freiwilligenregiments von Palma<\/b><span style=\"font-weight: 400;\"> nach. Die Parade findet um 12 h vor dem <\/span><i><span style=\"font-weight: 400;\">Palacio de la Almudaina<\/span><\/i><span style=\"font-weight: 400;\"> statt, anschlie\u00dfend um 12h30 ist dann dann die Wachabl\u00f6se. Kommen Sie rechtzeitig, denn die Auff\u00fchrung ist sehr beliebt.<\/span><\/p>\n<p>Sie k\u00f6nnen die Verf\u00fcgbarkeit unserer Betriebe unter folgendem Link \u00fcberpr\u00fcfen: <a href=\"https:\/\/www.bellmon.com\/de\/\">Fincas in Mallorca<\/a><\/p>\n","protected":false},"excerpt":{"rendered":"<p>Auch im Juni gibt es wieder ein reichhaltiges Programm mit jeder Menge Veranstaltungen auf Mallorca, der Lieblingsinsel vieler deutscher Urlauber&#8230;.<\/p>\n","protected":false},"author":2,"featured_media":1482,"comment_status":"open","ping_status":"open","sticky":false,"template":"","format":"standard","meta":{"footnotes":""},"categories":[2],"tags":[],"class_list":["post-1480","post","type-post","status-publish","format-standard","has-post-thumbnail","hentry","category-mallorca-urlaub"],"yoast_head":"<!-- This site is optimized with the Yoast SEO plugin v26.2 - https:\/\/yoast.com\/wordpress\/plugins\/seo\/ -->\n<title>Unsere Tipps f\u00fcr interessante Veranstaltungen im Juni 2018 in Mallorca<\/title>\n<meta name=\"description\" content=\"Auch im Juni gibt es wieder ein reichhaltiges Programm mit jeder Menge Veranstaltungen auf Mallorca, der Lieblingsinsel vieler deutscher Urlauber. Ob\" \/>\n<meta name=\"robots\" content=\"index, follow, max-snippet:-1, max-image-preview:large, max-video-preview:-1\" \/>\n<link rel=\"canonical\" href=\"https:\/\/blog.bellmon.com\/de\/veranstaltungen-juni-mallorca\/\" \/>\n<meta property=\"og:locale\" content=\"de_DE\" \/>\n<meta property=\"og:type\" content=\"article\" \/>\n<meta property=\"og:title\" content=\"Unsere Tipps f\u00fcr interessante Veranstaltungen im Juni 2018 in Mallorca\" \/>\n<meta property=\"og:description\" content=\"Auch im Juni gibt es wieder ein reichhaltiges Programm mit jeder Menge Veranstaltungen auf Mallorca, der Lieblingsinsel vieler deutscher Urlauber. Ob\" \/>\n<meta property=\"og:url\" content=\"https:\/\/blog.bellmon.com\/de\/veranstaltungen-juni-mallorca\/\" \/>\n<meta property=\"og:site_name\" content=\"Majorca Holidays | Bellmon\" \/>\n<meta property=\"article:published_time\" content=\"2018-06-06T09:42:30+00:00\" \/>\n<meta property=\"article:modified_time\" content=\"2018-06-06T09:51:56+00:00\" \/>\n<meta property=\"og:image\" content=\"https:\/\/blog.bellmon.com\/wp-content\/uploads\/fira-pollensa-son-brull-finca-hotel-spa-mallorca.jpg\" \/>\n\t<meta property=\"og:image:width\" content=\"1042\" \/>\n\t<meta property=\"og:image:height\" content=\"625\" \/>\n\t<meta property=\"og:image:type\" content=\"image\/jpeg\" \/>\n<meta name=\"author\" content=\"Tony Amer Llompart\" \/>\n<meta name=\"twitter:card\" content=\"summary_large_image\" \/>\n<meta name=\"twitter:label1\" content=\"Verfasst von\" \/>\n\t<meta name=\"twitter:data1\" content=\"Tony Amer Llompart\" \/>\n\t<meta name=\"twitter:label2\" content=\"Gesch\u00e4tzte Lesezeit\" \/>\n\t<meta name=\"twitter:data2\" content=\"5\u00a0Minuten\" \/>\n<script type=\"application\/ld+json\" class=\"yoast-schema-graph\">{\"@context\":\"https:\/\/schema.org\",\"@graph\":[{\"@type\":\"WebPage\",\"@id\":\"https:\/\/blog.bellmon.com\/de\/veranstaltungen-juni-mallorca\/\",\"url\":\"https:\/\/blog.bellmon.com\/de\/veranstaltungen-juni-mallorca\/\",\"name\":\"Unsere Tipps f\u00fcr interessante Veranstaltungen im Juni 2018 in Mallorca\",\"isPartOf\":{\"@id\":\"https:\/\/blog.bellmon.com\/#website\"},\"primaryImageOfPage\":{\"@id\":\"https:\/\/blog.bellmon.com\/de\/veranstaltungen-juni-mallorca\/#primaryimage\"},\"image\":{\"@id\":\"https:\/\/blog.bellmon.com\/de\/veranstaltungen-juni-mallorca\/#primaryimage\"},\"thumbnailUrl\":\"https:\/\/blog.bellmon.com\/wp-content\/uploads\/fira-pollensa-son-brull-finca-hotel-spa-mallorca.jpg\",\"datePublished\":\"2018-06-06T09:42:30+00:00\",\"dateModified\":\"2018-06-06T09:51:56+00:00\",\"author\":{\"@id\":\"https:\/\/blog.bellmon.com\/#\/schema\/person\/5b006ee0c0fc250a8e742c9f6405b13e\"},\"description\":\"Auch im Juni gibt es wieder ein reichhaltiges Programm mit jeder Menge Veranstaltungen auf Mallorca, der Lieblingsinsel vieler deutscher Urlauber. Ob\",\"breadcrumb\":{\"@id\":\"https:\/\/blog.bellmon.com\/de\/veranstaltungen-juni-mallorca\/#breadcrumb\"},\"inLanguage\":\"de\",\"potentialAction\":[{\"@type\":\"ReadAction\",\"target\":[\"https:\/\/blog.bellmon.com\/de\/veranstaltungen-juni-mallorca\/\"]}]},{\"@type\":\"ImageObject\",\"inLanguage\":\"de\",\"@id\":\"https:\/\/blog.bellmon.com\/de\/veranstaltungen-juni-mallorca\/#primaryimage\",\"url\":\"https:\/\/blog.bellmon.com\/wp-content\/uploads\/fira-pollensa-son-brull-finca-hotel-spa-mallorca.jpg\",\"contentUrl\":\"https:\/\/blog.bellmon.com\/wp-content\/uploads\/fira-pollensa-son-brull-finca-hotel-spa-mallorca.jpg\",\"width\":1042,\"height\":625,\"caption\":\"pollensa-mallorca\"},{\"@type\":\"BreadcrumbList\",\"@id\":\"https:\/\/blog.bellmon.com\/de\/veranstaltungen-juni-mallorca\/#breadcrumb\",\"itemListElement\":[{\"@type\":\"ListItem\",\"position\":1,\"name\":\"Portada\",\"item\":\"https:\/\/blog.bellmon.com\/\"},{\"@type\":\"ListItem\",\"position\":2,\"name\":\"Unsere Tipps f\u00fcr interessante Veranstaltungen im Juni 2018 in Mallorca\"}]},{\"@type\":\"WebSite\",\"@id\":\"https:\/\/blog.bellmon.com\/#website\",\"url\":\"https:\/\/blog.bellmon.com\/\",\"name\":\"Majorca Holidays | Bellmon\",\"description\":\"Discover Majorca through our articles writed by local people and our holiday experts :-D\",\"potentialAction\":[{\"@type\":\"SearchAction\",\"target\":{\"@type\":\"EntryPoint\",\"urlTemplate\":\"https:\/\/blog.bellmon.com\/?s={search_term_string}\"},\"query-input\":{\"@type\":\"PropertyValueSpecification\",\"valueRequired\":true,\"valueName\":\"search_term_string\"}}],\"inLanguage\":\"de\"},{\"@type\":\"Person\",\"@id\":\"https:\/\/blog.bellmon.com\/#\/schema\/person\/5b006ee0c0fc250a8e742c9f6405b13e\",\"name\":\"Tony Amer Llompart\"}]}<\/script>\n<!-- \/ Yoast SEO plugin. -->","yoast_head_json":{"title":"Unsere Tipps f\u00fcr interessante Veranstaltungen im Juni 2018 in Mallorca","description":"Auch im Juni gibt es wieder ein reichhaltiges Programm mit jeder Menge Veranstaltungen auf Mallorca, der Lieblingsinsel vieler deutscher Urlauber. Ob","robots":{"index":"index","follow":"follow","max-snippet":"max-snippet:-1","max-image-preview":"max-image-preview:large","max-video-preview":"max-video-preview:-1"},"canonical":"https:\/\/blog.bellmon.com\/de\/veranstaltungen-juni-mallorca\/","og_locale":"de_DE","og_type":"article","og_title":"Unsere Tipps f\u00fcr interessante Veranstaltungen im Juni 2018 in Mallorca","og_description":"Auch im Juni gibt es wieder ein reichhaltiges Programm mit jeder Menge Veranstaltungen auf Mallorca, der Lieblingsinsel vieler deutscher Urlauber. Ob","og_url":"https:\/\/blog.bellmon.com\/de\/veranstaltungen-juni-mallorca\/","og_site_name":"Majorca Holidays | Bellmon","article_published_time":"2018-06-06T09:42:30+00:00","article_modified_time":"2018-06-06T09:51:56+00:00","og_image":[{"width":1042,"height":625,"url":"https:\/\/blog.bellmon.com\/wp-content\/uploads\/fira-pollensa-son-brull-finca-hotel-spa-mallorca.jpg","type":"image\/jpeg"}],"author":"Tony Amer Llompart","twitter_card":"summary_large_image","twitter_misc":{"Verfasst von":"Tony Amer Llompart","Gesch\u00e4tzte Lesezeit":"5\u00a0Minuten"},"schema":{"@context":"https:\/\/schema.org","@graph":[{"@type":"WebPage","@id":"https:\/\/blog.bellmon.com\/de\/veranstaltungen-juni-mallorca\/","url":"https:\/\/blog.bellmon.com\/de\/veranstaltungen-juni-mallorca\/","name":"Unsere Tipps f\u00fcr interessante Veranstaltungen im Juni 2018 in Mallorca","isPartOf":{"@id":"https:\/\/blog.bellmon.com\/#website"},"primaryImageOfPage":{"@id":"https:\/\/blog.bellmon.com\/de\/veranstaltungen-juni-mallorca\/#primaryimage"},"image":{"@id":"https:\/\/blog.bellmon.com\/de\/veranstaltungen-juni-mallorca\/#primaryimage"},"thumbnailUrl":"https:\/\/blog.bellmon.com\/wp-content\/uploads\/fira-pollensa-son-brull-finca-hotel-spa-mallorca.jpg","datePublished":"2018-06-06T09:42:30+00:00","dateModified":"2018-06-06T09:51:56+00:00","author":{"@id":"https:\/\/blog.bellmon.com\/#\/schema\/person\/5b006ee0c0fc250a8e742c9f6405b13e"},"description":"Auch im Juni gibt es wieder ein reichhaltiges Programm mit jeder Menge Veranstaltungen auf Mallorca, der Lieblingsinsel vieler deutscher Urlauber. Ob","breadcrumb":{"@id":"https:\/\/blog.bellmon.com\/de\/veranstaltungen-juni-mallorca\/#breadcrumb"},"inLanguage":"de","potentialAction":[{"@type":"ReadAction","target":["https:\/\/blog.bellmon.com\/de\/veranstaltungen-juni-mallorca\/"]}]},{"@type":"ImageObject","inLanguage":"de","@id":"https:\/\/blog.bellmon.com\/de\/veranstaltungen-juni-mallorca\/#primaryimage","url":"https:\/\/blog.bellmon.com\/wp-content\/uploads\/fira-pollensa-son-brull-finca-hotel-spa-mallorca.jpg","contentUrl":"https:\/\/blog.bellmon.com\/wp-content\/uploads\/fira-pollensa-son-brull-finca-hotel-spa-mallorca.jpg","width":1042,"height":625,"caption":"pollensa-mallorca"},{"@type":"BreadcrumbList","@id":"https:\/\/blog.bellmon.com\/de\/veranstaltungen-juni-mallorca\/#breadcrumb","itemListElement":[{"@type":"ListItem","position":1,"name":"Portada","item":"https:\/\/blog.bellmon.com\/"},{"@type":"ListItem","position":2,"name":"Unsere Tipps f\u00fcr interessante Veranstaltungen im Juni 2018 in Mallorca"}]},{"@type":"WebSite","@id":"https:\/\/blog.bellmon.com\/#website","url":"https:\/\/blog.bellmon.com\/","name":"Majorca Holidays | Bellmon","description":"Discover Majorca through our articles writed by local people and our holiday experts :-D","potentialAction":[{"@type":"SearchAction","target":{"@type":"EntryPoint","urlTemplate":"https:\/\/blog.bellmon.com\/?s={search_term_string}"},"query-input":{"@type":"PropertyValueSpecification","valueRequired":true,"valueName":"search_term_string"}}],"inLanguage":"de"},{"@type":"Person","@id":"https:\/\/blog.bellmon.com\/#\/schema\/person\/5b006ee0c0fc250a8e742c9f6405b13e","name":"Tony Amer Llompart"}]}},"_links":{"self":[{"href":"https:\/\/blog.bellmon.com\/de\/wp-json\/wp\/v2\/posts\/1480","targetHints":{"allow":["GET"]}}],"collection":[{"href":"https:\/\/blog.bellmon.com\/de\/wp-json\/wp\/v2\/posts"}],"about":[{"href":"https:\/\/blog.bellmon.com\/de\/wp-json\/wp\/v2\/types\/post"}],"author":[{"embeddable":true,"href":"https:\/\/blog.bellmon.com\/de\/wp-json\/wp\/v2\/users\/2"}],"replies":[{"embeddable":true,"href":"https:\/\/blog.bellmon.com\/de\/wp-json\/wp\/v2\/comments?post=1480"}],"version-history":[{"count":1,"href":"https:\/\/blog.bellmon.com\/de\/wp-json\/wp\/v2\/posts\/1480\/revisions"}],"predecessor-version":[{"id":1488,"href":"https:\/\/blog.bellmon.com\/de\/wp-json\/wp\/v2\/posts\/1480\/revisions\/1488"}],"wp:featuredmedia":[{"embeddable":true,"href":"https:\/\/blog.bellmon.com\/de\/wp-json\/wp\/v2\/media\/1482"}],"wp:attachment":[{"href":"https:\/\/blog.bellmon.com\/de\/wp-json\/wp\/v2\/media?parent=1480"}],"wp:term":[{"taxonomy":"category","embeddable":true,"href":"https:\/\/blog.bellmon.com\/de\/wp-json\/wp\/v2\/categories?post=1480"},{"taxonomy":"post_tag","embeddable":true,"href":"https:\/\/blog.bellmon.com\/de\/wp-json\/wp\/v2\/tags?post=1480"}],"curies":[{"name":"wp","href":"https:\/\/api.w.org\/{rel}","templated":true}]}}