{"id":28,"date":"2017-11-25T12:11:40","date_gmt":"2017-11-25T12:11:40","guid":{"rendered":"https:\/\/blog.bellmon.com\/?p=28"},"modified":"2018-01-23T17:54:22","modified_gmt":"2018-01-23T15:54:22","slug":"finca-mallorca-mieten","status":"publish","type":"post","link":"https:\/\/blog.bellmon.com\/de\/finca-mallorca-mieten\/","title":{"rendered":"Finca Mallorca mieten"},"content":{"rendered":"<p style=\"text-align: center;\"><span style=\"font-weight: 400;\">Die Baleareninsel Mallorca ist ein Traumziel f\u00fcr Urlauber, die ihren Urlaub gerne in Europa verbringen. Die Insel liegt im westlichen Mittelmeer und verw\u00f6hnt seine Besucher das ganze Jahr \u00fcber mit angenehmem Wetter. Auf einer Fl\u00e4che von nur 3.600 Quadratkilometern bietet die kleine Insel alles, was man sich f\u00fcr einen perfekten Urlaub w\u00fcnscht: Traumstr\u00e4nde mit kristallklarem Wasser, mittelalterliche und r\u00f6mische St\u00e4tten und Relikte, authentische St\u00e4dte und D\u00f6rfer. Au\u00dferdem punktet Mallorca mit seiner urspr\u00fcnglichen und \u00fcberbordenden Natur, die die Insel auch zu einem beliebten Urlaubsziel f\u00fcr Wanderer, Radfahrer und Naturliebhaber im Allgemeinen macht. <\/span><\/p>\n<p style=\"text-align: center;\"><span style=\"font-weight: 400;\">Um alle touristischen Highlights, die Mallorca zu bieten hat, in Ruhe zu entdecken, biete es sich an, eine Finca in Mallorca zu mieten. Die Auswahl an sch\u00f6nen und erschwinglichen Fincas in Mallorca ist riesig. Schlie\u00dflich ist die Insel eines der meistbesuchten Urlaubsziele Europas.<\/span><\/p>\n<p style=\"text-align: center;\"><span style=\"font-weight: 400;\">Wo mieten sie am besten Ihr Ferienhaus in Mallorca? Das kommt darauf, was Sie unter \u201eTraumurlaub\u201c verstehen. Mallorcas Ostk\u00fcste ist ideal f\u00fcr Urlauber, die von einem entspannten Strandurlaub tr\u00e4umen und die gerne in den touristischen Trubel eintauchen.<\/span><\/p>\n<p style=\"text-align: center;\"><span style=\"font-weight: 400;\">Der Nordosten der Insel l\u00e4dt zur Entdeckung seiner reichen r\u00f6mischen und mittelalterlichen Geschichte ein. Wer gerne romantische Ruinen besucht und durch historische D\u00f6rfchen spaziert, sollte seine Finca in Mallorca dort mieten.<\/span><\/p>\n<p style=\"text-align: center;\"><span style=\"font-weight: 400;\">Passionierte Wanderer mieten ihr Ferienhaus am besten im Norden der Insel. Dort laden Mallorcas Berge und die \u00fcppige Natur zu unvergesslichem Wandertouren ein.<\/span><\/p>\n<p style=\"text-align: center;\"><span style=\"font-weight: 400;\">Egal in welchem Teil der Insel Sie Ihren Urlaub verbringen, Ihre mallorquinische Finca wartet bereits auf Sie: am Strand, in der Stadt oder in den Bergen Mallorcas. <\/span><\/p>\n<h2 style=\"text-align: center;\"><b>Mallorca<\/b><\/h2>\n<p style=\"text-align: center;\"><span style=\"font-weight: 400;\">Auf Mallorca wird es Ihnen garantiert nicht langweilig. Das Angebot an touristischen Sehensw\u00fcrdigkeiten ist riesig: lebhafte St\u00e4dte mit hervorragenden Shoppingm\u00f6glichkeiten und romantischen Altst\u00e4dten, beeindruckende Naturparks, Str\u00e4nde, Weinberge und vieles mehr.<\/span><\/p>\n<h3 style=\"text-align: center;\"><b> Palma de Mallorca<\/b><\/h3>\n<p style=\"text-align: center;\"><span style=\"font-weight: 400;\">Die Hauptstadt der Insel ist auf jeden Fall einen Besuch wert. Sie hat ein sch\u00f6nes altes Stadtzentrum mit einer beeindruckenden gotischen Kathedrale. Die engen Str\u00e4\u00dfchen der Altstadt und interessante Museen laden zur Besichtigung ein. F\u00fcr Powershopper sind der\u00a0<\/span><i><span style=\"font-weight: 400;\">Passeig des Born<\/span><\/i><span style=\"font-weight: 400;\">, die <\/span><i><span style=\"font-weight: 400;\">Avinguda Jaume III<\/span><\/i><span style=\"font-weight: 400;\"> und die Fu\u00dfg\u00e4ngerzone um die <\/span><i><span style=\"font-weight: 400;\">Pla\u00e7a Maj<\/span><\/i><span style=\"font-weight: 400;\">or beliebte Anziehungspunkte. <\/span><\/p>\n<h4 style=\"text-align: center;\"><b>Naturparks<\/b><\/h4>\n<p style=\"text-align: center;\"><span style=\"font-weight: 400;\">Mallorca ist nicht nur f\u00fcr seine Str\u00e4nde und Touristenparties bekannt. Besucher lieben die Insel auch wegen ihrer wundersch\u00f6ne Landschaft. Mehrere Naturschutzgebiete wurden auf Mallorca eingerichtet, z.B. \u00a0die <\/span><i><span style=\"font-weight: 400;\">Serra de Tramuntana<\/span><\/i><span style=\"font-weight: 400;\">, welche als Weltkulturerbe durch die UNESCO gesch\u00fctzt ist. Das Gebiet ist ein Paradies f\u00fcr Wanderer und Fahrradfahrer, kann aber auch mit dem Auto erkundet werden.<\/span><\/p>\n<h4 style=\"text-align: center;\"><b>Wein und Weinberge<\/b><\/h4>\n<p style=\"text-align: center;\"><span style=\"font-weight: 400;\">Seit den 90er Jahren hat der \u00f6rtliche Weinbau einen wohlverdienten Aufschwung erfahren. Mittlerweile werden in Mallorca sogar preisgekr\u00f6nte Weine produziert. Weinliebhaber werden sich \u00fcber die vielen M\u00f6glichkeiten, malerische Weinberge zu besichtigen, freuen. Viele Winzer servieren auch Mittag- und Abendessen, zu denen Sie die hochwertigen, vor Ort produzierten Weine, serviert bekommen. <\/span><\/p>\n<h3 style=\"text-align: center;\"><b>Pollenca<\/b><\/h3>\n<p style=\"text-align: center;\"><span style=\"font-weight: 400;\">Pollenca liegt am \u00f6stlichen Ende der <\/span><i><span style=\"font-weight: 400;\">Serra de Tramuntana<\/span><\/i><span style=\"font-weight: 400;\">. Anders als andere mallorquinische St\u00e4dte konnte Pollenca seine traditionelle, l\u00e4ndliche Atmosph\u00e4re bewahren. Mieten Sie ihre Finca hier, wenn Sie sich f\u00fcr historische Geb\u00e4ude, verwinkelte Gassen und eine entspannte Lebensart begeistern k\u00f6nnen. <\/span><\/p>\n<p style=\"text-align: center;\"><span style=\"font-weight: 400;\">Aber: auch der Strand ist nicht weit entfernt. Der wundersch\u00f6ne Strand in dem charmanten Hafenst\u00e4dtchen Puerto Pollenca ist nur einige wenige Kilometer entfernt.<\/span><\/p>\n<p style=\"text-align: center;\"><b>Ein bezauberndes Puzzle aus engen Str\u00e4\u00dfchen und ruhigen Pl\u00e4tzen<\/b><\/p>\n<p style=\"text-align: center;\"><span style=\"font-weight: 400;\">Pollenca l\u00e4dt Sie ein zu einem entspannten Spaziergang durch sein malerisches Stadtzentrum. Entspannen Sie sich in der friedvollen Atmosph\u00e4re Pollencas, z.B. bei einem leckeren <\/span><i><span style=\"font-weight: 400;\">caf\u00e9 con leche<\/span><\/i><span style=\"font-weight: 400;\"> in einem der zahlreichen kleinen Caf\u00e9s auf dem romantischen Hauptplatz, der<\/span><i><span style=\"font-weight: 400;\"> Pla\u00e7a Major<\/span><\/i><span style=\"font-weight: 400;\">. Von dort aus hat man einen wundersch\u00f6nen Blick auf die Kirche <\/span><i><span style=\"font-weight: 400;\">Nostra Senyora del Angels<\/span><\/i><span style=\"font-weight: 400;\"> aus dem 18. Jahrhundert.<\/span><\/p>\n<p style=\"text-align: center;\"><b>Die Calvari Treppe: ein beliebtes Postkartenmotiv<\/b><\/p>\n<p style=\"text-align: center;\"><span style=\"font-weight: 400;\">Wenn sie Pollenca besuchen, m\u00fcssen Sie die ber\u00fchmte Calvari Treppe hinaufsteigen. Sie f\u00fchrt vom Calvari Platz zu der romantischen Kapelle auf dem Calvari H\u00fcgel. Von dort oben hat man einen traumhaften Blick auf die umgebende, gr\u00fcne Landschaft.<\/span><\/p>\n<h3 style=\"text-align: center;\"><b>Alc\u00fadia<\/b><\/h3>\n<p style=\"text-align: center;\"><span style=\"font-weight: 400;\">Alc\u00fadia ist ein lebhaftes St\u00e4dtchen im n\u00f6rdlichen Teil Mallorcas. Unterbrechen Sie Ihren Strandurlaub f\u00fcr ein wenig Kultur und ur-mallorquinische Lebensart. Die Stadt ist f\u00fcr ihre reiche Kulturgeschichte bekannt. R\u00f6mer, Griechen und erste katalanische Christen hinterlie\u00dfen zahlreiche Kultursch\u00e4tze.<\/span><\/p>\n<p style=\"text-align: center;\"><span style=\"font-weight: 400;\">Die historische Altstadt wird von einer Stadtmauer aus dem 14. Jahrhundert umschlossen. Die kleinen Str\u00e4\u00dfchen der Innenstadt sind mittlerweile in eine Fu\u00dfg\u00e4ngerzone umgewandelt worden und laden zu einem entspannten Spaziergang in romantischer Atmosph\u00e4re ein. <\/span><\/p>\n<p style=\"text-align: center;\"><span style=\"font-weight: 400;\">Mieten Sie Ihre Finca in Mallorca in dieser bezaubernden Gegend und genie\u00dfen Sie den besonderen Reiz von Alc\u00fadia. <\/span><\/p>\n","protected":false},"excerpt":{"rendered":"<p>Die Baleareninsel Mallorca ist ein Traumziel f\u00fcr Urlauber, die ihren Urlaub gerne in Europa verbringen. Die Insel liegt im westlichen&#8230;<\/p>\n","protected":false},"author":2,"featured_media":1414,"comment_status":"open","ping_status":"open","sticky":false,"template":"","format":"standard","meta":{"footnotes":""},"categories":[2],"tags":[],"class_list":["post-28","post","type-post","status-publish","format-standard","has-post-thumbnail","hentry","category-mallorca-urlaub"],"yoast_head":"<!-- This site is optimized with the Yoast SEO plugin v26.2 - https:\/\/yoast.com\/wordpress\/plugins\/seo\/ -->\n<title>Finca Mallorca mieten<\/title>\n<meta name=\"description\" content=\"Die Baleareninsel Mallorca ist ein Traumziel f\u00fcr Urlauber, die ihren Urlaub gerne in Europa verbringen. Die Insel liegt im westlichen Mittelmeer und\" \/>\n<meta name=\"robots\" content=\"index, follow, max-snippet:-1, max-image-preview:large, max-video-preview:-1\" \/>\n<link rel=\"canonical\" href=\"https:\/\/blog.bellmon.com\/de\/finca-mallorca-mieten\/\" \/>\n<meta property=\"og:locale\" content=\"de_DE\" \/>\n<meta property=\"og:type\" content=\"article\" \/>\n<meta property=\"og:title\" content=\"Finca Mallorca mieten\" \/>\n<meta property=\"og:description\" content=\"Die Baleareninsel Mallorca ist ein Traumziel f\u00fcr Urlauber, die ihren Urlaub gerne in Europa verbringen. Die Insel liegt im westlichen Mittelmeer und\" \/>\n<meta property=\"og:url\" content=\"https:\/\/blog.bellmon.com\/de\/finca-mallorca-mieten\/\" \/>\n<meta property=\"og:site_name\" content=\"Majorca Holidays | Bellmon\" \/>\n<meta property=\"article:published_time\" content=\"2017-11-25T12:11:40+00:00\" \/>\n<meta property=\"article:modified_time\" content=\"2018-01-23T15:54:22+00:00\" \/>\n<meta property=\"og:image\" content=\"https:\/\/blog.bellmon.com\/wp-content\/uploads\/slider.jpg\" \/>\n\t<meta property=\"og:image:width\" content=\"1024\" \/>\n\t<meta property=\"og:image:height\" content=\"576\" \/>\n\t<meta property=\"og:image:type\" content=\"image\/jpeg\" \/>\n<meta name=\"author\" content=\"Tony Amer Llompart\" \/>\n<meta name=\"twitter:card\" content=\"summary_large_image\" \/>\n<meta name=\"twitter:label1\" content=\"Verfasst von\" \/>\n\t<meta name=\"twitter:data1\" content=\"Tony Amer Llompart\" \/>\n\t<meta name=\"twitter:label2\" content=\"Gesch\u00e4tzte Lesezeit\" \/>\n\t<meta name=\"twitter:data2\" content=\"4\u00a0Minuten\" \/>\n<script type=\"application\/ld+json\" class=\"yoast-schema-graph\">{\"@context\":\"https:\/\/schema.org\",\"@graph\":[{\"@type\":\"WebPage\",\"@id\":\"https:\/\/blog.bellmon.com\/de\/finca-mallorca-mieten\/\",\"url\":\"https:\/\/blog.bellmon.com\/de\/finca-mallorca-mieten\/\",\"name\":\"Finca Mallorca mieten\",\"isPartOf\":{\"@id\":\"https:\/\/blog.bellmon.com\/#website\"},\"primaryImageOfPage\":{\"@id\":\"https:\/\/blog.bellmon.com\/de\/finca-mallorca-mieten\/#primaryimage\"},\"image\":{\"@id\":\"https:\/\/blog.bellmon.com\/de\/finca-mallorca-mieten\/#primaryimage\"},\"thumbnailUrl\":\"https:\/\/blog.bellmon.com\/wp-content\/uploads\/slider.jpg\",\"datePublished\":\"2017-11-25T12:11:40+00:00\",\"dateModified\":\"2018-01-23T15:54:22+00:00\",\"author\":{\"@id\":\"https:\/\/blog.bellmon.com\/#\/schema\/person\/5b006ee0c0fc250a8e742c9f6405b13e\"},\"description\":\"Die Baleareninsel Mallorca ist ein Traumziel f\u00fcr Urlauber, die ihren Urlaub gerne in Europa verbringen. Die Insel liegt im westlichen Mittelmeer und\",\"breadcrumb\":{\"@id\":\"https:\/\/blog.bellmon.com\/de\/finca-mallorca-mieten\/#breadcrumb\"},\"inLanguage\":\"de\",\"potentialAction\":[{\"@type\":\"ReadAction\",\"target\":[\"https:\/\/blog.bellmon.com\/de\/finca-mallorca-mieten\/\"]}]},{\"@type\":\"ImageObject\",\"inLanguage\":\"de\",\"@id\":\"https:\/\/blog.bellmon.com\/de\/finca-mallorca-mieten\/#primaryimage\",\"url\":\"https:\/\/blog.bellmon.com\/wp-content\/uploads\/slider.jpg\",\"contentUrl\":\"https:\/\/blog.bellmon.com\/wp-content\/uploads\/slider.jpg\",\"width\":1024,\"height\":576},{\"@type\":\"BreadcrumbList\",\"@id\":\"https:\/\/blog.bellmon.com\/de\/finca-mallorca-mieten\/#breadcrumb\",\"itemListElement\":[{\"@type\":\"ListItem\",\"position\":1,\"name\":\"Portada\",\"item\":\"https:\/\/blog.bellmon.com\/\"},{\"@type\":\"ListItem\",\"position\":2,\"name\":\"Finca Mallorca mieten\"}]},{\"@type\":\"WebSite\",\"@id\":\"https:\/\/blog.bellmon.com\/#website\",\"url\":\"https:\/\/blog.bellmon.com\/\",\"name\":\"Majorca Holidays | Bellmon\",\"description\":\"Discover Majorca through our articles writed by local people and our holiday experts :-D\",\"potentialAction\":[{\"@type\":\"SearchAction\",\"target\":{\"@type\":\"EntryPoint\",\"urlTemplate\":\"https:\/\/blog.bellmon.com\/?s={search_term_string}\"},\"query-input\":{\"@type\":\"PropertyValueSpecification\",\"valueRequired\":true,\"valueName\":\"search_term_string\"}}],\"inLanguage\":\"de\"},{\"@type\":\"Person\",\"@id\":\"https:\/\/blog.bellmon.com\/#\/schema\/person\/5b006ee0c0fc250a8e742c9f6405b13e\",\"name\":\"Tony Amer Llompart\"}]}<\/script>\n<!-- \/ Yoast SEO plugin. -->","yoast_head_json":{"title":"Finca Mallorca mieten","description":"Die Baleareninsel Mallorca ist ein Traumziel f\u00fcr Urlauber, die ihren Urlaub gerne in Europa verbringen. Die Insel liegt im westlichen Mittelmeer und","robots":{"index":"index","follow":"follow","max-snippet":"max-snippet:-1","max-image-preview":"max-image-preview:large","max-video-preview":"max-video-preview:-1"},"canonical":"https:\/\/blog.bellmon.com\/de\/finca-mallorca-mieten\/","og_locale":"de_DE","og_type":"article","og_title":"Finca Mallorca mieten","og_description":"Die Baleareninsel Mallorca ist ein Traumziel f\u00fcr Urlauber, die ihren Urlaub gerne in Europa verbringen. Die Insel liegt im westlichen Mittelmeer und","og_url":"https:\/\/blog.bellmon.com\/de\/finca-mallorca-mieten\/","og_site_name":"Majorca Holidays | Bellmon","article_published_time":"2017-11-25T12:11:40+00:00","article_modified_time":"2018-01-23T15:54:22+00:00","og_image":[{"width":1024,"height":576,"url":"https:\/\/blog.bellmon.com\/wp-content\/uploads\/slider.jpg","type":"image\/jpeg"}],"author":"Tony Amer Llompart","twitter_card":"summary_large_image","twitter_misc":{"Verfasst von":"Tony Amer Llompart","Gesch\u00e4tzte Lesezeit":"4\u00a0Minuten"},"schema":{"@context":"https:\/\/schema.org","@graph":[{"@type":"WebPage","@id":"https:\/\/blog.bellmon.com\/de\/finca-mallorca-mieten\/","url":"https:\/\/blog.bellmon.com\/de\/finca-mallorca-mieten\/","name":"Finca Mallorca mieten","isPartOf":{"@id":"https:\/\/blog.bellmon.com\/#website"},"primaryImageOfPage":{"@id":"https:\/\/blog.bellmon.com\/de\/finca-mallorca-mieten\/#primaryimage"},"image":{"@id":"https:\/\/blog.bellmon.com\/de\/finca-mallorca-mieten\/#primaryimage"},"thumbnailUrl":"https:\/\/blog.bellmon.com\/wp-content\/uploads\/slider.jpg","datePublished":"2017-11-25T12:11:40+00:00","dateModified":"2018-01-23T15:54:22+00:00","author":{"@id":"https:\/\/blog.bellmon.com\/#\/schema\/person\/5b006ee0c0fc250a8e742c9f6405b13e"},"description":"Die Baleareninsel Mallorca ist ein Traumziel f\u00fcr Urlauber, die ihren Urlaub gerne in Europa verbringen. Die Insel liegt im westlichen Mittelmeer und","breadcrumb":{"@id":"https:\/\/blog.bellmon.com\/de\/finca-mallorca-mieten\/#breadcrumb"},"inLanguage":"de","potentialAction":[{"@type":"ReadAction","target":["https:\/\/blog.bellmon.com\/de\/finca-mallorca-mieten\/"]}]},{"@type":"ImageObject","inLanguage":"de","@id":"https:\/\/blog.bellmon.com\/de\/finca-mallorca-mieten\/#primaryimage","url":"https:\/\/blog.bellmon.com\/wp-content\/uploads\/slider.jpg","contentUrl":"https:\/\/blog.bellmon.com\/wp-content\/uploads\/slider.jpg","width":1024,"height":576},{"@type":"BreadcrumbList","@id":"https:\/\/blog.bellmon.com\/de\/finca-mallorca-mieten\/#breadcrumb","itemListElement":[{"@type":"ListItem","position":1,"name":"Portada","item":"https:\/\/blog.bellmon.com\/"},{"@type":"ListItem","position":2,"name":"Finca Mallorca mieten"}]},{"@type":"WebSite","@id":"https:\/\/blog.bellmon.com\/#website","url":"https:\/\/blog.bellmon.com\/","name":"Majorca Holidays | Bellmon","description":"Discover Majorca through our articles writed by local people and our holiday experts :-D","potentialAction":[{"@type":"SearchAction","target":{"@type":"EntryPoint","urlTemplate":"https:\/\/blog.bellmon.com\/?s={search_term_string}"},"query-input":{"@type":"PropertyValueSpecification","valueRequired":true,"valueName":"search_term_string"}}],"inLanguage":"de"},{"@type":"Person","@id":"https:\/\/blog.bellmon.com\/#\/schema\/person\/5b006ee0c0fc250a8e742c9f6405b13e","name":"Tony Amer Llompart"}]}},"_links":{"self":[{"href":"https:\/\/blog.bellmon.com\/de\/wp-json\/wp\/v2\/posts\/28","targetHints":{"allow":["GET"]}}],"collection":[{"href":"https:\/\/blog.bellmon.com\/de\/wp-json\/wp\/v2\/posts"}],"about":[{"href":"https:\/\/blog.bellmon.com\/de\/wp-json\/wp\/v2\/types\/post"}],"author":[{"embeddable":true,"href":"https:\/\/blog.bellmon.com\/de\/wp-json\/wp\/v2\/users\/2"}],"replies":[{"embeddable":true,"href":"https:\/\/blog.bellmon.com\/de\/wp-json\/wp\/v2\/comments?post=28"}],"version-history":[{"count":2,"href":"https:\/\/blog.bellmon.com\/de\/wp-json\/wp\/v2\/posts\/28\/revisions"}],"predecessor-version":[{"id":1410,"href":"https:\/\/blog.bellmon.com\/de\/wp-json\/wp\/v2\/posts\/28\/revisions\/1410"}],"wp:featuredmedia":[{"embeddable":true,"href":"https:\/\/blog.bellmon.com\/de\/wp-json\/wp\/v2\/media\/1414"}],"wp:attachment":[{"href":"https:\/\/blog.bellmon.com\/de\/wp-json\/wp\/v2\/media?parent=28"}],"wp:term":[{"taxonomy":"category","embeddable":true,"href":"https:\/\/blog.bellmon.com\/de\/wp-json\/wp\/v2\/categories?post=28"},{"taxonomy":"post_tag","embeddable":true,"href":"https:\/\/blog.bellmon.com\/de\/wp-json\/wp\/v2\/tags?post=28"}],"curies":[{"name":"wp","href":"https:\/\/api.w.org\/{rel}","templated":true}]}}